{"id":16845,"date":"2018-05-03T10:48:58","date_gmt":"2018-05-03T14:48:58","guid":{"rendered":"http:\/\/www.corumbaonline.com.br\/news\/?p=16845"},"modified":"2018-05-03T10:48:58","modified_gmt":"2018-05-03T14:48:58","slug":"com-maio-amarelo-prefeitura-quer-conscientizar-sobre-seguranca-no-transito","status":"publish","type":"post","link":"https:\/\/www.corumbaonline.com.br\/news\/com-maio-amarelo-prefeitura-quer-conscientizar-sobre-seguranca-no-transito\/","title":{"rendered":"Com Maio Amarelo, Prefeitura quer conscientizar sobre seguran\u00e7a no tr\u00e2nsito"},"content":{"rendered":"<p>A campanha \u201cMaio Amarelo 2018 \u2013 N\u00f3s Somos o Tr\u00e2nsito\u201d foi aberta oficialmente na noite desta quarta-feira, 02 de maio, pela Prefeitura de Corumb\u00e1. A\u00e7\u00e3o coordenada entre Poder P\u00fablico e sociedade civil, a iniciativa busca mobilizar a popula\u00e7\u00e3o em torno da quest\u00e3o da seguran\u00e7a vi\u00e1ria e propagar a conscientiza\u00e7\u00e3o em torno de um tr\u00e2nsito seguro para pedestres e condutores.<\/p>\n<p>&nbsp;<\/p>\n<p>O objetivo do \u201cMaio Amarelo\u201d \u00e9 lembrar as pessoas de algumas regras b\u00e1sicas e fazer com que respeitem a legisla\u00e7\u00e3o de tr\u00e2nsito. Busca a campanha refor\u00e7ar a necessidade de respeitar normas simples e cotidianas de tr\u00e2nsito como, por exemplo, o pedestre atravessar na faixa; o motociclista n\u00e3o se espremer por entre os carros os carros ou fazer ultrapassagens arriscadas e jamais dirigir depois de ter ingerido bebida alco\u00f3lica.<\/p>\n<p>&nbsp;<\/p>\n<p>Diretor-executivo da Ag\u00eancia Municipal de Tr\u00e2nsito e Transporte (Agetrat), Cleiton Douglas da Silva, disse ser importante a conscientiza\u00e7\u00e3o que o tr\u00e2nsito \u00e9 formado por todos, pedestres ou condutores. \u201cN\u00f3s somos o tr\u00e2nsito. Fazemos parte do tr\u00e2nsito, que se n\u00e3o est\u00e1 indo bem \u00e9 porque n\u00f3s estamos fazendo algo errado. Precisamos lembrar que a nossa vida e a do pr\u00f3ximo s\u00e3o importantes\u201d, disse ao lembrar que o tr\u00e2nsito brasileiro registra \u00edndices preocupantes.<\/p>\n<p>&nbsp;<\/p>\n<p>Para o gerente regional do Detran, Carlos David Jimenez Paz, a forma\u00e7\u00e3o de motoristas conscientes resultar\u00e1 numa sens\u00edvel melhoria no tr\u00e2nsito. \u201cSe formamos motoristas conscientes conseguiremos melhorar o nosso tr\u00e2nsito. Estatisticamente, 90% dos acidentes envolvem o cidad\u00e3o, \u00e9 um erro ao volante, uma imprud\u00eancia, bebida alco\u00f3lica. Envolver o cidad\u00e3o \u00e9 o objetivo principal nessa campanha. Esse trabalho em conjunto potencializa as informa\u00e7\u00f5es e aumenta as chances de educarmos a sociedade. Estamos \u00e0 disposi\u00e7\u00e3o para trabalhar pelo tr\u00e2nsito da cidade e agradecemos muito a parceria da Prefeitura conosco\u201d, afirmou.<\/p>\n<p>&nbsp;<\/p>\n<p>Participando da solenidade da abertura da campanha \u201cMaio Amarelo 2018 \u2013 N\u00f3s Somos o Tr\u00e2nsito\u201d, o comandante do 6\u00b0 Batalh\u00e3o da Pol\u00edcia Militar tenente-coronel Massilon de Oliveira Silva Neto salientou que a\u00e7\u00f5es educativas \u2013 como as promovidas pelo Maio Amarelo \u2013 s\u00e3o fundamentais para conscientizar a popula\u00e7\u00e3o sobre a import\u00e2ncia de respeitar as leis de tr\u00e2nsito. \u201cO Maio Amarelo lembra que o tr\u00e2nsito somos n\u00f3s que fazemos. A consci\u00eancia da popula\u00e7\u00e3o \u00e9 provocada pelos \u00f3rg\u00e3os que t\u00eam responsabilidade de levantar essa bandeira. A\u00e7\u00f5es educativas trazem essa conscientiza\u00e7\u00e3o para que algo seja feito nesse sentido. \u00c9 gratificante ver esse alinhamento entre \u00f3rg\u00e3os do tr\u00e2nsito e \u00f3rg\u00e3os de seguran\u00e7a aqui em Corumb\u00e1, \u00e9 a vontade de fazer as coisas funcionarem. Estamos \u00e0 disposi\u00e7\u00e3o da Prefeitura para auxiliar nesse trabalho\u201d, disse o comandante do 6\u00b0 Batalh\u00e3o da PM.<\/p>\n<p><strong>Conscientiza\u00e7\u00e3o e investimentos<\/strong><\/p>\n<p>&nbsp;<\/p>\n<p>Em seu discurso, o prefeito Marcelo Iunes destacou a import\u00e2ncia de propagar a\u00e7\u00f5es relacionadas a um tr\u00e2nsito mais seguro. Para o chefe do Executivo corumbaense, o trabalho envolvendo parceria entre v\u00e1rios \u00f3rg\u00e3os p\u00fablicos colabora sobremaneira para mobilizar a popula\u00e7\u00e3o no que tange \u00e0 quest\u00e3o da seguran\u00e7a vi\u00e1ria. \u201cFico feliz em ver essa parceria entre a Agetrat e o Detran, todos trabalhando alinhados pela cidade. Temos condi\u00e7\u00f5es de diminuir o n\u00famero de acidentes no tr\u00e2nsito se todos trabalharmos juntos. N\u00f3s somos o tr\u00e2nsito. Hoje s\u00e3o 45 mil ve\u00edculos aqui na cidade, \u00e9 preciso conscientizarmos a sociedade e trabalharmos para mudar as estat\u00edsticas. N\u00e3o \u00e9 s\u00f3 o m\u00eas de maio, mas todos os meses em que vamos trabalhar juntos para conscientizar a popula\u00e7\u00e3o\u201d, afirmou.<\/p>\n<p>&nbsp;<\/p>\n<p>Iunes antecipou que o Munic\u00edpio trabalha a libera\u00e7\u00e3o de recursos para investimento no setor de tr\u00e2nsito da cidade. \u201cEstamos articulando recursos de 1 milh\u00e3o de reais para aplica\u00e7\u00e3o na a sinaliza\u00e7\u00e3o horizontal; em projetos de passarelas elevadas na porta de escolas, tanto p\u00fablicas como privadas, e em uma s\u00e9rie de a\u00e7\u00f5es em prol da melhoria do tr\u00e2nsito\u201d, finalizou.<\/p>\n<p><strong>O Maio Amarelo<\/strong><\/p>\n<p>&nbsp;<\/p>\n<p>O Maio Amarelo \u00e9 um movimento internacional de conscientiza\u00e7\u00e3o para redu\u00e7\u00e3o de acidentes de tr\u00e2nsito. O tr\u00e2nsito deve ser seguro para todos em qualquer situa\u00e7\u00e3o. Porque maio? Foi uma proposta da ONU quando decretou a d\u00e9cada de a\u00e7\u00e3o para seguran\u00e7a no tr\u00e2nsito em 11 de maio de 2011. Porque amarelo? A cor amarela foi escolhida por ser a cor da advert\u00eancia no tr\u00e2nsito, sinal de alerta aos motoristas.<\/p>\n<p>&nbsp;<\/p>\n<p>O la\u00e7o s\u00edmbolo do movimento \u00e9 um sinal conhecido no mundo inteiro, e o la\u00e7o j\u00e1 representa in\u00fameros movimentos. Quem utilizar o la\u00e7o demonstra que adota posturas de responsabilidade no tr\u00e2nsito e entende o transitar seguro como uma a\u00e7\u00e3o de toda sociedade e n\u00e3o apenas de um organismo especifico.<\/p>\n","protected":false},"excerpt":{"rendered":"<p>A campanha \u201cMaio Amarelo 2018 \u2013 N\u00f3s Somos o Tr\u00e2nsito\u201d foi aberta oficialmente na noite&#8230;<\/p>\n","protected":false},"author":1,"featured_media":16846,"comment_status":"closed","ping_status":"closed","sticky":false,"template":"","format":"standard","meta":{"footnotes":""},"categories":[8,14],"tags":[],"class_list":["post-16845","post","type-post","status-publish","format-standard","has-post-thumbnail","hentry","category-destaque","category-geral"],"_links":{"self":[{"href":"https:\/\/www.corumbaonline.com.br\/news\/wp-json\/wp\/v2\/posts\/16845","targetHints":{"allow":["GET"]}}],"collection":[{"href":"https:\/\/www.corumbaonline.com.br\/news\/wp-json\/wp\/v2\/posts"}],"about":[{"href":"https:\/\/www.corumbaonline.com.br\/news\/wp-json\/wp\/v2\/types\/post"}],"author":[{"embeddable":true,"href":"https:\/\/www.corumbaonline.com.br\/news\/wp-json\/wp\/v2\/users\/1"}],"replies":[{"embeddable":true,"href":"https:\/\/www.corumbaonline.com.br\/news\/wp-json\/wp\/v2\/comments?post=16845"}],"version-history":[{"count":1,"href":"https:\/\/www.corumbaonline.com.br\/news\/wp-json\/wp\/v2\/posts\/16845\/revisions"}],"predecessor-version":[{"id":16847,"href":"https:\/\/www.corumbaonline.com.br\/news\/wp-json\/wp\/v2\/posts\/16845\/revisions\/16847"}],"wp:featuredmedia":[{"embeddable":true,"href":"https:\/\/www.corumbaonline.com.br\/news\/wp-json\/wp\/v2\/media\/16846"}],"wp:attachment":[{"href":"https:\/\/www.corumbaonline.com.br\/news\/wp-json\/wp\/v2\/media?parent=16845"}],"wp:term":[{"taxonomy":"category","embeddable":true,"href":"https:\/\/www.corumbaonline.com.br\/news\/wp-json\/wp\/v2\/categories?post=16845"},{"taxonomy":"post_tag","embeddable":true,"href":"https:\/\/www.corumbaonline.com.br\/news\/wp-json\/wp\/v2\/tags?post=16845"}],"curies":[{"name":"wp","href":"https:\/\/api.w.org\/{rel}","templated":true}]}}