{"id":16858,"date":"2018-05-03T12:00:20","date_gmt":"2018-05-03T16:00:20","guid":{"rendered":"http:\/\/www.corumbaonline.com.br\/news\/?p=16858"},"modified":"2018-05-03T11:49:50","modified_gmt":"2018-05-03T15:49:50","slug":"corumba-da-posse-a-oito-agentes-comunitarios-de-saude-aprovados-em-concurso","status":"publish","type":"post","link":"https:\/\/www.corumbaonline.com.br\/news\/corumba-da-posse-a-oito-agentes-comunitarios-de-saude-aprovados-em-concurso\/","title":{"rendered":"Corumb\u00e1 d\u00e1 posse a oito agentes comunit\u00e1rios de sa\u00fade aprovados em concurso"},"content":{"rendered":"<p>A Prefeitura de Corumb\u00e1 deu posse a oito Agentes Comunit\u00e1rios de Sa\u00fade (ACS) na manh\u00e3 desta quinta-feira, 03 de maio. Os novos servidores foram aprovados no concurso p\u00fablico aberto pelo Edital n\u00b0 01\/01\/2015, de 15 de abril de 2015, homologado pelo Edital n\u00b0 01\/19\/2015, de 17 de dezembro de 2015, das fun\u00e7\u00f5es de Agente Comunit\u00e1rio de Sa\u00fade do Quadro de Pessoal do Poder Executivo.<\/p>\n<p>&nbsp;<\/p>\n<p>Os novos agentes comunit\u00e1rios de sa\u00fade v\u00e3o atuar diretamente na promo\u00e7\u00e3o e preven\u00e7\u00e3o, mapeando e encaminhando aos servi\u00e7os de sa\u00fade do munic\u00edpio. Com os 8 novos agentes comunit\u00e1rios de sa\u00fade, por exemplo, ser\u00e1 poss\u00edvel atender preventivamente cerca 1,2 mil fam\u00edlias no munic\u00edpio, considerando que cada agente assiste a 150 fam\u00edlias, em m\u00e9dia.<\/p>\n<p>&nbsp;<\/p>\n<p>De acordo com a portaria \u201cP\u201d n\u00b0 286, de 12 de mar\u00e7o de 2018, os nomeados v\u00e3o atuar nas seguintes Estrat\u00e9gias de Sa\u00fade da Fam\u00edlia (ESF): ESF Breno de Medeiros III; ESF \u00canio Cunha I; ESF Lu\u00eds Fragelli e na ESF Regi\u00e3o de S\u00e3o Louren\u00e7o.<\/p>\n<p>&nbsp;<\/p>\n<p>Ao recepcionar os novos servidores, o secret\u00e1rio municipal de Sa\u00fade, Rog\u00e9rio Leite, destacou a import\u00e2ncia dos agentes comunit\u00e1rios de sa\u00fade na rede p\u00fablica. \u201cToda rede de Sa\u00fade come\u00e7a com o agente de sa\u00fade. O atendimento inicial com a popula\u00e7\u00e3o acontece com o agente de sa\u00fade e n\u00f3s ficamos muito felizes em ver a disposi\u00e7\u00e3o de voc\u00eas em fazer parte desse grupo. \u00c9 uma profiss\u00e3o muito importante e muito honrosa\u201d. Tamb\u00e9m acompanharam a posse o subsecret\u00e1rio de Sa\u00fade, F\u00e1bio Mandu, e o subsecret\u00e1rio de Finan\u00e7as e Gest\u00e3o, M\u00e1rio S\u00e9rgio Aguiar Siqueira.<\/p>\n<p>&nbsp;<\/p>\n<p>Empossado para atuar como Agente Comunit\u00e1rio de Sa\u00fade na ESF \u00canio Cunha I, Jessy Jeymens Padilha Milit\u00e3o de Oliveira, disse estar pronto para atuar da \u201cmelhor forma poss\u00edvel\u201d na rede municipal de sa\u00fade. \u201c\u00c9 uma profiss\u00e3o importante, sabemos que o primeiro contato da popula\u00e7\u00e3o com a sa\u00fade acontece com os agentes de sa\u00fade e isso \u00e9 uma grande responsabilidade. Quero trabalhar da melhor forma poss\u00edvel para ajudar a sa\u00fade da cidade\u201d, declarou.<\/p>\n<p><strong>Agente Comunit\u00e1rio de Sa\u00fade<\/strong><\/p>\n<p>&nbsp;<\/p>\n<p>S\u00e3o atribui\u00e7\u00f5es da fun\u00e7\u00e3o: trabalhar com fam\u00edlias em base geogr\u00e1fica definida, a micro\u00e1rea; cadastrar todas as pessoas de sua micro\u00e1rea e manter os cadastros atualizados; orientar as fam\u00edlias quanto \u00e0 utiliza\u00e7\u00e3o dos servi\u00e7os de sa\u00fade dispon\u00edveis; realizar atividades programadas e de aten\u00e7\u00e3o \u00e0 demanda espont\u00e2nea; acompanhar, por meio de visita domiciliar, todas as fam\u00edlias e indiv\u00edduos sob sua responsabilidade; as visitas dever\u00e3o ser programadas em conjunto com a equipe, considerando os crit\u00e9rios de risco e vulnerabilidade de modo que as fam\u00edlias com maior necessidade sejam visitadas mais vezes, mantendo como refer\u00eancia a m\u00e9dia de uma visita\/fam\u00edlia\/m\u00eas; desenvolver a\u00e7\u00f5es que busquem a integra\u00e7\u00e3o entre a equipe de sa\u00fade e a popula\u00e7\u00e3o descrita \u00e0 USB, considerando as caracter\u00edsticas e as finalidades do trabalho de acompanhamento de indiv\u00edduos e grupos sociais ou coletividade; desenvolver atividades de promo\u00e7\u00e3o de sa\u00fade, de preven\u00e7\u00e3o das doen\u00e7as e agravos e agravos de vigil\u00e2ncia \u00e0 sa\u00fade, por meio de visitas domiciliares e de a\u00e7\u00f5es educativas individuais e coletivas nos domic\u00edlios e na comunidade, como por exemplo, combate \u00e0 Dengue, Mal\u00e1ria, Leishmaniose, entre outras, mantendo a equipe informada, principalmente a respeito das situa\u00e7\u00f5es de risco; estar em contato permanente com as fam\u00edlias, desenvolvendo a\u00e7\u00f5es educativas, visando \u00e0 promo\u00e7\u00e3o da sa\u00fade, \u00e0 preven\u00e7\u00e3o das doen\u00e7as e ao acompanhamento das pessoas com problemas de sa\u00fade, bem como ao acompanhamento das condicionalidades do Programa Bolsa Fam\u00edlia ou qualquer outro programa similar de transfer\u00eancia de renda e enfrentamento de vulnerabilidades implantado pelo Governo Federal, Estadual e Municipal de acordo com o planejamento da equipe; o correndo situa\u00e7\u00e3o de surtos e epidemias, executar em conjunto com o agente de endemias a\u00e7\u00f5es de controle de doen\u00e7as, utilizando as medidas de controle adequadas, manejo ambiental e outras a\u00e7\u00f5es de manejo integrado de vetores, de acordo com a decis\u00e3o da gest\u00e3o municipal. \u00c9 permitido ao ACS desenvolver outras atividades nas unidades b\u00e1sicas de sa\u00fade, desde que vinculadas \u00e0s atribui\u00e7\u00f5es descritas.<\/p>\n","protected":false},"excerpt":{"rendered":"<p>A Prefeitura de Corumb\u00e1 deu posse a oito Agentes Comunit\u00e1rios de Sa\u00fade (ACS) na manh\u00e3&#8230;<\/p>\n","protected":false},"author":1,"featured_media":16859,"comment_status":"closed","ping_status":"closed","sticky":false,"template":"","format":"standard","meta":{"footnotes":""},"categories":[6],"tags":[],"class_list":["post-16858","post","type-post","status-publish","format-standard","has-post-thumbnail","hentry","category-concurso"],"_links":{"self":[{"href":"https:\/\/www.corumbaonline.com.br\/news\/wp-json\/wp\/v2\/posts\/16858","targetHints":{"allow":["GET"]}}],"collection":[{"href":"https:\/\/www.corumbaonline.com.br\/news\/wp-json\/wp\/v2\/posts"}],"about":[{"href":"https:\/\/www.corumbaonline.com.br\/news\/wp-json\/wp\/v2\/types\/post"}],"author":[{"embeddable":true,"href":"https:\/\/www.corumbaonline.com.br\/news\/wp-json\/wp\/v2\/users\/1"}],"replies":[{"embeddable":true,"href":"https:\/\/www.corumbaonline.com.br\/news\/wp-json\/wp\/v2\/comments?post=16858"}],"version-history":[{"count":1,"href":"https:\/\/www.corumbaonline.com.br\/news\/wp-json\/wp\/v2\/posts\/16858\/revisions"}],"predecessor-version":[{"id":16860,"href":"https:\/\/www.corumbaonline.com.br\/news\/wp-json\/wp\/v2\/posts\/16858\/revisions\/16860"}],"wp:featuredmedia":[{"embeddable":true,"href":"https:\/\/www.corumbaonline.com.br\/news\/wp-json\/wp\/v2\/media\/16859"}],"wp:attachment":[{"href":"https:\/\/www.corumbaonline.com.br\/news\/wp-json\/wp\/v2\/media?parent=16858"}],"wp:term":[{"taxonomy":"category","embeddable":true,"href":"https:\/\/www.corumbaonline.com.br\/news\/wp-json\/wp\/v2\/categories?post=16858"},{"taxonomy":"post_tag","embeddable":true,"href":"https:\/\/www.corumbaonline.com.br\/news\/wp-json\/wp\/v2\/tags?post=16858"}],"curies":[{"name":"wp","href":"https:\/\/api.w.org\/{rel}","templated":true}]}}