{"id":16869,"date":"2018-05-04T09:12:30","date_gmt":"2018-05-04T13:12:30","guid":{"rendered":"http:\/\/www.corumbaonline.com.br\/news\/?p=16869"},"modified":"2018-05-04T09:35:27","modified_gmt":"2018-05-04T13:35:27","slug":"corumba-realiza-audiencia-publica-para-discutir-servicos-de-telefonia-e-internet","status":"publish","type":"post","link":"https:\/\/www.corumbaonline.com.br\/news\/corumba-realiza-audiencia-publica-para-discutir-servicos-de-telefonia-e-internet\/","title":{"rendered":"Corumb\u00e1 realiza audi\u00eancia p\u00fablica para discutir servi\u00e7os de telefonia e internet"},"content":{"rendered":"<p><span style=\"color: #000000;\">A precariedade dos servi\u00e7os de telefonia fixa, m\u00f3vel e de internet na cidade ser\u00e1 discutida durante audi\u00eancia p\u00fablica no dia 1\u00ba de junho, uma sexta-feira, em Corumb\u00e1, a partir das 18 horas, no plen\u00e1rio da C\u00e2mara Municipal.<\/span><\/p>\n<p><span style=\"color: #000000;\">A audi\u00eancia foi solicitada pelo vereador Chic\u00e3o Vianna e aprovada por todos os demais integrantes do Poder Legislativo corumbaense, e dever\u00e1 contar com as presen\u00e7as de autoridades dos poderes Executivo, Legislativo e Judici\u00e1rio; da Ag\u00eancia Nacional de Telecomunica\u00e7\u00f5es (Anatel), e do PROCON.<\/span><\/p>\n<p><span style=\"color: #000000;\">\u201cSer\u00e1 um momento prop\u00edcio para tratarmos desse s\u00e9rio problema que tem afetado toda a popula\u00e7\u00e3o de Corumb\u00e1 e Lad\u00e1rio, causando sens\u00edveis preju\u00edzos\u201d, afirmou Chic\u00e3o, citando que para a audi\u00eancia, ser\u00e3o convidados todos os integrantes da bancada de Mato Grosso do Sul em Bras\u00edlia (oito deputados federais e tr\u00eas senadores), bem como os deputados estaduais, representantes da Anatel, do PROCOM e das empresas que prestam servi\u00e7os de telefonia fixa, m\u00f3vel e de internet.<\/span><\/p>\n<p><span style=\"color: #000000;\">Servi\u00e7o cr\u00edtico<\/span><\/p>\n<p><span style=\"color: #000000;\">A precariedade dos servi\u00e7os de telefonia na regi\u00e3o, inclusive de internet, tem causado transtornos seguidos e, al\u00e9m dessa audi\u00eancia p\u00fablica, o vereador Evander Vendramini est\u00e1 solicitando envio de of\u00edcio \u00e0 gerente da Unidade Operacional da Anatel no Estado do Mato Grosso do Sul, Vera L\u00facia Burato Marques Sieburger, cobrando fiscaliza\u00e7\u00e3o mais intensa e um melhor servi\u00e7o por parte das empresas que prestam esse servi\u00e7o na regi\u00e3o.<\/span><\/p>\n<p><span style=\"color: #000000;\">Evander pede inclusive que a Anatel cobre das empresas, a amplia\u00e7\u00e3o do sistema na cidade, com instala\u00e7\u00e3o de mais torres de telefonia m\u00f3vel, principalmente nos bairros que ficam mais afastados do centro. \u201cNessas comunidades, a presta\u00e7\u00e3o do servi\u00e7o \u00e9 ainda mais prec\u00e1ria, e isso tem interferido no cotidiano, no trabalho e na seguran\u00e7a da popula\u00e7\u00e3o\u201d, explicou.<\/span><\/p>\n","protected":false},"excerpt":{"rendered":"<p>A precariedade dos servi\u00e7os de telefonia fixa, m\u00f3vel e de internet na cidade ser\u00e1 discutida&#8230;<\/p>\n","protected":false},"author":1,"featured_media":0,"comment_status":"closed","ping_status":"closed","sticky":false,"template":"","format":"standard","meta":{"footnotes":""},"categories":[19],"tags":[],"class_list":["post-16869","post","type-post","status-publish","format-standard","hentry","category-politica"],"_links":{"self":[{"href":"https:\/\/www.corumbaonline.com.br\/news\/wp-json\/wp\/v2\/posts\/16869","targetHints":{"allow":["GET"]}}],"collection":[{"href":"https:\/\/www.corumbaonline.com.br\/news\/wp-json\/wp\/v2\/posts"}],"about":[{"href":"https:\/\/www.corumbaonline.com.br\/news\/wp-json\/wp\/v2\/types\/post"}],"author":[{"embeddable":true,"href":"https:\/\/www.corumbaonline.com.br\/news\/wp-json\/wp\/v2\/users\/1"}],"replies":[{"embeddable":true,"href":"https:\/\/www.corumbaonline.com.br\/news\/wp-json\/wp\/v2\/comments?post=16869"}],"version-history":[{"count":1,"href":"https:\/\/www.corumbaonline.com.br\/news\/wp-json\/wp\/v2\/posts\/16869\/revisions"}],"predecessor-version":[{"id":16870,"href":"https:\/\/www.corumbaonline.com.br\/news\/wp-json\/wp\/v2\/posts\/16869\/revisions\/16870"}],"wp:attachment":[{"href":"https:\/\/www.corumbaonline.com.br\/news\/wp-json\/wp\/v2\/media?parent=16869"}],"wp:term":[{"taxonomy":"category","embeddable":true,"href":"https:\/\/www.corumbaonline.com.br\/news\/wp-json\/wp\/v2\/categories?post=16869"},{"taxonomy":"post_tag","embeddable":true,"href":"https:\/\/www.corumbaonline.com.br\/news\/wp-json\/wp\/v2\/tags?post=16869"}],"curies":[{"name":"wp","href":"https:\/\/api.w.org\/{rel}","templated":true}]}}