{"id":16871,"date":"2018-05-04T11:00:01","date_gmt":"2018-05-04T15:00:01","guid":{"rendered":"http:\/\/www.corumbaonline.com.br\/news\/?p=16871"},"modified":"2018-05-04T11:06:29","modified_gmt":"2018-05-04T15:06:29","slug":"vereador-reivindica-pavimentacao-da-ceara-e-paraiba-ate-o-anel-viario","status":"publish","type":"post","link":"https:\/\/www.corumbaonline.com.br\/news\/vereador-reivindica-pavimentacao-da-ceara-e-paraiba-ate-o-anel-viario\/","title":{"rendered":"Vereador reivindica pavimenta\u00e7\u00e3o da Cear\u00e1 e Para\u00edba, at\u00e9 o anel vi\u00e1rio"},"content":{"rendered":"<p><span style=\"color: #000000;\">O desenvolvimento da regi\u00e3o sul da cidade e o consequente aumento do fluxo de tr\u00e1fego de ve\u00edculos, est\u00e1 fazendo com que o vereador Andr\u00e9 da Farm\u00e1cia inicie entendimentos com a Prefeitura de Corumb\u00e1, no sentido de criar alternativas na regi\u00e3o para melhorar as condi\u00e7\u00f5es de trafegabilidade e, consequentemente, propiciar maior seguran\u00e7a ao tr\u00e2nsito.<\/span><\/p>\n<p><span style=\"color: #000000;\">Entre as alternativas apontadas pelo vereador est\u00e1 a pavimenta\u00e7\u00e3o asf\u00e1ltica de duas ruas localizadas na regi\u00e3o, a Cear\u00e1 e a Para\u00edba, ligando-as ao anel vi\u00e1rio. \u201cA parte alta est\u00e1 crescendo e novos empreendimentos surgindo. Isto reflete diretamente no aumento do fluo de ve\u00edculos e \u00e9 preciso criar alternativas para que o tr\u00e1fego possa fluir melhor, com mais seguran\u00e7a\u201d, observou Andr\u00e9.<\/span><\/p>\n<p><span style=\"color: #000000;\">Na opini\u00e3o dele, a pavimenta\u00e7\u00e3o da Cear\u00e1 e da Para\u00edba, trecho entre a Edu Rocha e o anel vi\u00e1rio, ser\u00e1 de extrema import\u00e2ncia para a regi\u00e3o. \u201cSer\u00e3o novas op\u00e7\u00f5es para a popula\u00e7\u00e3o. A pavimenta\u00e7\u00e3o vai desafogar o tr\u00e1fego da Cyr\u00edaco de Toledo, hoje uma das principais alternativas da regi\u00e3o\u201d, explicou.\u00a0\u00a0<\/span><\/p>\n<p><span style=\"color: #000000;\">As solicita\u00e7\u00f5es foram encaminhadas ao secret\u00e1rio de Infraestrutura e Servi\u00e7os P\u00fablicos, Ricardo Ametlla. \u00c0 mesma pasta, o vereador pediu o lajotamento da Alameda Padre Carlos, localizada entre a Cyr\u00edaco de Toledo e Jos\u00e9 Fragelli, no Bairro Popular Nova; recupera\u00e7\u00e3o do pavimento da Rua Jos\u00e9 de Barros Maciel, no Guan\u00e3; conclus\u00e3o da drenagem da Rua Alan Kardec, entre a 21 de Setembro e Cear\u00e1, no conjunto Primavera.<\/span><\/p>\n<p><span style=\"color: #000000;\">J\u00e1 ao secret\u00e1rio de Sa\u00fade, Rog\u00e9rio Santos Leite, com c\u00f3pia ao prefeito Marcelo Iunes, o vereador est\u00e1 reivindicando servi\u00e7os de manuten\u00e7\u00e3o dos equipamentos b\u00e1sicos de uso geral na Unidade de Sa\u00fade Paulo Maissato, da Nova Corumb\u00e1.<\/span><\/p>\n","protected":false},"excerpt":{"rendered":"<p>O desenvolvimento da regi\u00e3o sul da cidade e o consequente aumento do fluxo de tr\u00e1fego&#8230;<\/p>\n","protected":false},"author":1,"featured_media":0,"comment_status":"closed","ping_status":"closed","sticky":false,"template":"","format":"standard","meta":{"footnotes":""},"categories":[19],"tags":[],"class_list":["post-16871","post","type-post","status-publish","format-standard","hentry","category-politica"],"_links":{"self":[{"href":"https:\/\/www.corumbaonline.com.br\/news\/wp-json\/wp\/v2\/posts\/16871","targetHints":{"allow":["GET"]}}],"collection":[{"href":"https:\/\/www.corumbaonline.com.br\/news\/wp-json\/wp\/v2\/posts"}],"about":[{"href":"https:\/\/www.corumbaonline.com.br\/news\/wp-json\/wp\/v2\/types\/post"}],"author":[{"embeddable":true,"href":"https:\/\/www.corumbaonline.com.br\/news\/wp-json\/wp\/v2\/users\/1"}],"replies":[{"embeddable":true,"href":"https:\/\/www.corumbaonline.com.br\/news\/wp-json\/wp\/v2\/comments?post=16871"}],"version-history":[{"count":1,"href":"https:\/\/www.corumbaonline.com.br\/news\/wp-json\/wp\/v2\/posts\/16871\/revisions"}],"predecessor-version":[{"id":16872,"href":"https:\/\/www.corumbaonline.com.br\/news\/wp-json\/wp\/v2\/posts\/16871\/revisions\/16872"}],"wp:attachment":[{"href":"https:\/\/www.corumbaonline.com.br\/news\/wp-json\/wp\/v2\/media?parent=16871"}],"wp:term":[{"taxonomy":"category","embeddable":true,"href":"https:\/\/www.corumbaonline.com.br\/news\/wp-json\/wp\/v2\/categories?post=16871"},{"taxonomy":"post_tag","embeddable":true,"href":"https:\/\/www.corumbaonline.com.br\/news\/wp-json\/wp\/v2\/tags?post=16871"}],"curies":[{"name":"wp","href":"https:\/\/api.w.org\/{rel}","templated":true}]}}