{"id":16873,"date":"2018-05-04T11:15:11","date_gmt":"2018-05-04T15:15:11","guid":{"rendered":"http:\/\/www.corumbaonline.com.br\/news\/?p=16873"},"modified":"2018-05-04T11:15:11","modified_gmt":"2018-05-04T15:15:11","slug":"analisando-2","status":"publish","type":"post","link":"https:\/\/www.corumbaonline.com.br\/news\/analisando-2\/","title":{"rendered":"Analisando&#8230;."},"content":{"rendered":"<p><strong>C\u00e2mara <\/strong><\/p>\n<p>A casa do Bar\u00e3o de Vila Maria iniciou esta legislatura no mesmo ritmo das anteriores, sem nada de importante a ser discutido, apenas repartindo titulo de cidad\u00e3o e com vereador licenciando para virar secret\u00e1rio.<\/p>\n<p><strong>Sombra<\/strong><\/p>\n<p>De repente alguns vereadores decidiram sair da sombra e \u00e1gua fresca de seus mandatos e foram \u00e0s ruas, ouvir a popula\u00e7\u00e3o, e propor debates importantes, saindo da mesmice que tem sido observado h\u00e1 muito tempo.<\/p>\n<p><strong>Destaques<\/strong><\/p>\n<p>Neste movimento destacaram-se os vereadores Evander Vendramine, presidente do legislativo, que prop\u00f4s debater a renova\u00e7\u00e3o da concess\u00e3o do sistema de \u00e1gua e esgoto para a Sanesul, que cobra dos corumbaenses a taxa mais cara do estado e os moradores vivem sofrendo com a constante falta da \u00e1gua.<\/p>\n<p>O Vereador Chic\u00e3o Viana comprou a briga do monop\u00f3lio da empresa de transporte de passageiros intermunicipal que atende a cidade, inclusive viabilizando a vinda de outra empresa em car\u00e1ter excepcional para que os corumbaenses possam ter op\u00e7\u00e3o de escolha.<\/p>\n<p>Tamb\u00e9m teve destaque \u00e0 discuss\u00e3o do Vereador Luciano Costa sobre as obrigatoriedade das empresas que fazem servi\u00e7os nas vias publicas que informem com anteced\u00eancia sobre fechamento da via, pois isso tr\u00e1s muitos transtornos para quem pega \u00f4nibus, para empres\u00e1rios\u00a0 e a popula\u00e7\u00e3o\u00a0 em geral.<\/p>\n<p>E por fim a Iniciativa do Vereador Bira que esta brigando pela reativa\u00e7\u00e3o do Posto de Sa\u00fade do porto da manga desativado sem maiores explica\u00e7\u00f5es e que esta fazendo muita falta aos moradores da regi\u00e3o.<\/p>\n<p><strong>Isen\u00e7\u00e3o Fiscal <\/strong><\/p>\n<p>Este tema tomou conta da cidade nos \u00faltimos dias, principalmente nas redes sociais, com muita gente questionando a legalidade do ato praticado pelo Prefeito Marcelo Iunes. Pelo que esta coluna apurou, o ato veio precedido de uma Lei Municipal, logo estaria amparada na legisla\u00e7\u00e3o vigente e recoberto de legalidade. A inten\u00e7\u00e3o do executivo municipal visa proporcionar que sejam gerados postos de trabalho aos mun\u00edcipes. Ou seja, o interesse coletivo esta em primeiro lugar.<\/p>\n<p><strong>Pol\u00edtica x Administra\u00e7\u00e3o<\/strong><\/p>\n<p>O que se observou neste caso foi a falta de habilidade pol\u00edtica de algumas lideran\u00e7as em misturar a administra\u00e7\u00e3o municipal e o projeto pol\u00edtico partid\u00e1rio. Se j\u00e1 estava sob analise da administra\u00e7\u00e3o municipal o pedido da empresa pela concess\u00e3o do beneficio a isen\u00e7\u00e3o, os interlocutores pol\u00edticos do prefeito deveriam ter aguardado o termino de todo este processo para formalizar o convite ao empres\u00e1rio para sua filia\u00e7\u00e3o no ninho tucano. At\u00e9 mesmo porque j\u00e1 estamos no clima eleitoral, e esta &#8220;<em>bobeira&#8221;<\/em> esta sendo explorada ao &#8220;Maximo&#8221; pelos opositores do Prefeito.<\/p>\n<p><strong>Futebol<\/strong><\/p>\n<p>E fechamos a semana com noticia da d\u00e9cima reelei\u00e7\u00e3o de Francisco Ces\u00e1rio como Presidente da Federa\u00e7\u00e3o de Futebol de MS. Sem nos prendermos ao mais do mesmo, o que chamou a aten\u00e7\u00e3o foi que o Corumbaense F.C votou pela reelei\u00e7\u00e3o do mandat\u00e1rio, assim como a Liga de Esportes de Corumb\u00e1. Ent\u00e3o podemos entender que est\u00e3o de acordo com o cen\u00e1rio do futebol estadual e com a pol\u00edtica aplicada aqui, levando em considera\u00e7\u00e3o que a Federa\u00e7\u00e3o de MS \u00e9 uma das que mais recebe recursos da CBF e que h\u00e1 mais de trinta anos um clube daqui n\u00e3o alcan\u00e7a a Serie \u201cC\u201d do brasileiro, e que no campeonato estadual \u00e9 um dos piores do Brasil no quesito publico nos est\u00e1dios. Ent\u00e3o torcedor ano que vem no estadual antes de dizer que a federa\u00e7\u00e3o joga contra o time, lembre-se que o Carij\u00f3 da avenida \u00e9 do grupo do Ces\u00e1rio!!<\/p>\n","protected":false},"excerpt":{"rendered":"<p>C\u00e2mara A casa do Bar\u00e3o de Vila Maria iniciou esta legislatura no mesmo ritmo das&#8230;<\/p>\n","protected":false},"author":1,"featured_media":0,"comment_status":"closed","ping_status":"closed","sticky":false,"template":"","format":"standard","meta":{"footnotes":""},"categories":[3],"tags":[],"class_list":["post-16873","post","type-post","status-publish","format-standard","hentry","category-artigo"],"_links":{"self":[{"href":"https:\/\/www.corumbaonline.com.br\/news\/wp-json\/wp\/v2\/posts\/16873","targetHints":{"allow":["GET"]}}],"collection":[{"href":"https:\/\/www.corumbaonline.com.br\/news\/wp-json\/wp\/v2\/posts"}],"about":[{"href":"https:\/\/www.corumbaonline.com.br\/news\/wp-json\/wp\/v2\/types\/post"}],"author":[{"embeddable":true,"href":"https:\/\/www.corumbaonline.com.br\/news\/wp-json\/wp\/v2\/users\/1"}],"replies":[{"embeddable":true,"href":"https:\/\/www.corumbaonline.com.br\/news\/wp-json\/wp\/v2\/comments?post=16873"}],"version-history":[{"count":1,"href":"https:\/\/www.corumbaonline.com.br\/news\/wp-json\/wp\/v2\/posts\/16873\/revisions"}],"predecessor-version":[{"id":16874,"href":"https:\/\/www.corumbaonline.com.br\/news\/wp-json\/wp\/v2\/posts\/16873\/revisions\/16874"}],"wp:attachment":[{"href":"https:\/\/www.corumbaonline.com.br\/news\/wp-json\/wp\/v2\/media?parent=16873"}],"wp:term":[{"taxonomy":"category","embeddable":true,"href":"https:\/\/www.corumbaonline.com.br\/news\/wp-json\/wp\/v2\/categories?post=16873"},{"taxonomy":"post_tag","embeddable":true,"href":"https:\/\/www.corumbaonline.com.br\/news\/wp-json\/wp\/v2\/tags?post=16873"}],"curies":[{"name":"wp","href":"https:\/\/api.w.org\/{rel}","templated":true}]}}