{"id":16884,"date":"2018-05-05T08:05:02","date_gmt":"2018-05-05T12:05:02","guid":{"rendered":"http:\/\/www.corumbaonline.com.br\/news\/?p=16884"},"modified":"2018-05-05T08:44:48","modified_gmt":"2018-05-05T12:44:48","slug":"corumba-e-comando-do-cpa-3-discutem-seguranca-publica-em-corumba","status":"publish","type":"post","link":"https:\/\/www.corumbaonline.com.br\/news\/corumba-e-comando-do-cpa-3-discutem-seguranca-publica-em-corumba\/","title":{"rendered":"Corumb\u00e1 e Comando do CPA-3 discutem seguran\u00e7a p\u00fablica em Corumb\u00e1"},"content":{"rendered":"<p>O prefeito Marcelo Iunes reuniu-se com o comandante do CPA-3 da Pol\u00edcia Militar de Mato Grosso do Sul, coronel H\u00e9lio Gauto, na manh\u00e3 desta sexta-feira, 04 de maio. No encontro, o chefe do Executivo corumbaense discutiu detalhes da \u201cOpera\u00e7\u00e3o Fronteira 67\u201d, que o Comando do 6\u00b0 Batalh\u00e3o da PM realiza em Corumb\u00e1 e conta com apoio da Prefeitura.<\/p>\n<p>&nbsp;<\/p>\n<p>\u201cFoi uma visita institucional ao prefeito como comandante do Comando de Policiamento da \u00c1rea-3, que abrange os Batalh\u00f5es da PM de Corumb\u00e1; de Aquidauana e de Jardim e a Companhia Independente de Bonito. Todas as vezes que me desloco \u00e0s cidades de abrang\u00eancia do CPA-3, procuro visitar os prefeitos para tratarmos de seguran\u00e7a p\u00fablica. Aqui em Corumb\u00e1 estamos com uma grande opera\u00e7\u00e3o em andamento, envolvendo v\u00e1rias unidades da Capital e do CPA-3 e refor\u00e7o do efetivo daqui, utiliza\u00e7\u00e3o de helic\u00f3ptero para trazer mais seguran\u00e7a a Corumb\u00e1\u201d, destacou o comandante do CPA-3. Corumb\u00e1 foi a primeira cidade visitada pelo militar ap\u00f3s assumir o posto de coronel na PM.<\/p>\n<p>&nbsp;<\/p>\n<p>Iunes destacou que o encontro refor\u00e7ou a parceria de sua gest\u00e3o com a administra\u00e7\u00e3o do governador Reinaldo Azambuja. \u201cFicamos felizes por sermos o primeiro prefeito visitado ap\u00f3s a assun\u00e7\u00e3o ao posto de coronel pelo comandante do CPA-3, H\u00e9lio Gauto. Tratamos tamb\u00e9m de detalhes da Opera\u00e7\u00e3o 67, que acontece em Corumb\u00e1 com emprego de grande efetivo da Pol\u00edcia Militar\u201d, afirmou o prefeito.<\/p>\n<p>&nbsp;<\/p>\n<p>Acompanhando a reuni\u00e3o, o secret\u00e1rio Especial de Seguran\u00e7a P\u00fablica e Defesa Social, \u00a0tenente-coronel PM C\u00e9sar Freitas Duarte, destacou que para a opera\u00e7\u00e3o policial a Prefeitura destinou equipes da Guarda Municipal \u2013 ROMU e Ronda \u2013 e Ag\u00eancia Municipal de Tr\u00e2nsito e Transporte (Agetrat).<\/p>\n<p>&nbsp;<\/p>\n<p>Tamb\u00e9m participaram do encontro, o comandante do 6\u00b0 Batalh\u00e3o da PM tenente-coronel Massilon de Oliveira Silva Neto; o chefe da Casa Civil da Prefeitura Luiz Ant\u00f4nio da Silva e o servidor de carreira da Prefeitura Eduardo Iunes.<\/p>\n","protected":false},"excerpt":{"rendered":"<p>O prefeito Marcelo Iunes reuniu-se com o comandante do CPA-3 da Pol\u00edcia Militar de Mato&#8230;<\/p>\n","protected":false},"author":1,"featured_media":16885,"comment_status":"closed","ping_status":"closed","sticky":false,"template":"","format":"standard","meta":{"footnotes":""},"categories":[19,18],"tags":[],"class_list":["post-16884","post","type-post","status-publish","format-standard","has-post-thumbnail","hentry","category-politica","category-seguranca"],"_links":{"self":[{"href":"https:\/\/www.corumbaonline.com.br\/news\/wp-json\/wp\/v2\/posts\/16884","targetHints":{"allow":["GET"]}}],"collection":[{"href":"https:\/\/www.corumbaonline.com.br\/news\/wp-json\/wp\/v2\/posts"}],"about":[{"href":"https:\/\/www.corumbaonline.com.br\/news\/wp-json\/wp\/v2\/types\/post"}],"author":[{"embeddable":true,"href":"https:\/\/www.corumbaonline.com.br\/news\/wp-json\/wp\/v2\/users\/1"}],"replies":[{"embeddable":true,"href":"https:\/\/www.corumbaonline.com.br\/news\/wp-json\/wp\/v2\/comments?post=16884"}],"version-history":[{"count":1,"href":"https:\/\/www.corumbaonline.com.br\/news\/wp-json\/wp\/v2\/posts\/16884\/revisions"}],"predecessor-version":[{"id":16886,"href":"https:\/\/www.corumbaonline.com.br\/news\/wp-json\/wp\/v2\/posts\/16884\/revisions\/16886"}],"wp:featuredmedia":[{"embeddable":true,"href":"https:\/\/www.corumbaonline.com.br\/news\/wp-json\/wp\/v2\/media\/16885"}],"wp:attachment":[{"href":"https:\/\/www.corumbaonline.com.br\/news\/wp-json\/wp\/v2\/media?parent=16884"}],"wp:term":[{"taxonomy":"category","embeddable":true,"href":"https:\/\/www.corumbaonline.com.br\/news\/wp-json\/wp\/v2\/categories?post=16884"},{"taxonomy":"post_tag","embeddable":true,"href":"https:\/\/www.corumbaonline.com.br\/news\/wp-json\/wp\/v2\/tags?post=16884"}],"curies":[{"name":"wp","href":"https:\/\/api.w.org\/{rel}","templated":true}]}}