{"id":16889,"date":"2018-05-05T08:32:47","date_gmt":"2018-05-05T12:32:47","guid":{"rendered":"http:\/\/www.corumbaonline.com.br\/news\/?p=16889"},"modified":"2018-05-05T09:04:31","modified_gmt":"2018-05-05T13:04:31","slug":"corumba-ja-vacinou-31-do-primeiro-publico-alvo-da-campanha-contra-gripe","status":"publish","type":"post","link":"https:\/\/www.corumbaonline.com.br\/news\/corumba-ja-vacinou-31-do-primeiro-publico-alvo-da-campanha-contra-gripe\/","title":{"rendered":"Corumb\u00e1 j\u00e1 vacinou 31% do primeiro p\u00fablico-alvo da campanha contra gripe"},"content":{"rendered":"<p>A Campanha Nacional de Vacina\u00e7\u00e3o contra a Influenza prossegue em Corumb\u00e1. Desde o dia 23 de abril, crian\u00e7as de 06 meses a menores de 05 anos, gestantes, pu\u00e9rperas, trabalhadores em sa\u00fade e professores do ensino b\u00e1sico e superior (redes p\u00fablica e privada) podem procurar salas de vacinas para imuniza\u00e7\u00e3o contra gripe. Em Corumb\u00e1, j\u00e1 foram vacinadas 1.866 pessoas do total de 5.944 desse p\u00fablico-alvo, o equivalente a 31,4%. Somente a partir do dia 12 de maio, quando acontecer\u00e1 o Dia D da Campanha, \u00e9 que pessoas acima de 60 anos poder\u00e3o ser vacinadas. A partir de 21 de maio, demais grupos priorit\u00e1rios ser\u00e3o imunizados.<\/p>\n<p>&nbsp;<\/p>\n<p>O secret\u00e1rio municipal de Sa\u00fade lembra que, embora a vacina\u00e7\u00e3o contra gripe prossiga at\u00e9 o dia 1\u00ba de junho, \u00e9 importante que o p\u00fablico-alvo procure as salas de vacina\u00e7\u00e3o com anteced\u00eancia, respeitando as datas corretas. \u201cPrecisamos imunizar, at\u00e9 o final da campanha, 22.139 pessoas em Corumb\u00e1, que \u00e9 a nossa meta estabelecida pelo Minist\u00e9rio da Sa\u00fade. Se cada cidad\u00e3o que est\u00e1 inserido no p\u00fablico-alvo se conscientizar em buscar pelo servi\u00e7o o quanto antes, evitaremos extensas filas no final da campanha\u201d, destacou o Dr. Rog\u00e9rio Leite.<\/p>\n<p>&nbsp;<\/p>\n<p>Conforme o Minist\u00e9rio da Sa\u00fade, gestante que toma vacina contra gripe ajuda a proteger o beb\u00ea, al\u00e9m de ser ben\u00e9fico a ela j\u00e1 que a gesta\u00e7\u00e3o deixa a mulher com imunidade mais baixa. Quando a gr\u00e1vida toma a vacina, ela passa anticorpos para o beb\u00ea ainda na barriga e a crian\u00e7a j\u00e1 nasce com imunidade contra a gripe. As pu\u00e9rperas, mulheres que est\u00e3o com rec\u00e9m-nascidos de at\u00e9 45 dias, tamb\u00e9m precisam se vacinar pelos mesmos motivos. O beb\u00ea s\u00f3 poder\u00e1 ser imunizado contra Influenza a partir dos 06 meses de vida.<\/p>\n<p>&nbsp;<\/p>\n<p>Crian\u00e7as de 06 meses a menores de 05 anos s\u00e3o vacinadas por terem imunidade mais baixa e s\u00e3o mais propensas a desenvolverem complica\u00e7\u00f5es dos v\u00edrus da Influenza. J\u00e1 os trabalhadores em sa\u00fade, por trabalharem diretamente com p\u00fablico e estarem mais propensos a terem contato direto com a doen\u00e7a, tamb\u00e9m t\u00eam esse direito garantido.<\/p>\n<p>&nbsp;<\/p>\n<p>Os professores ganharam o direito \u00e0 vacina\u00e7\u00e3o porque o Governo Federal entendeu que eles precisam ter boa sa\u00fade para permanecerem em suas atividades laborais. Al\u00e9m disso, s\u00e3o profissionais que est\u00e3o em contato direto com diversos alunos, muitas vezes em turmas, per\u00edodos e escolas diferentes.<\/p>\n<p>&nbsp;<\/p>\n<p>A defini\u00e7\u00e3o de quem vai ser vacinado prioritariamente numa campanha no Brasil \u00e9 uma decis\u00e3o respaldada em bases t\u00e9cnicas, cient\u00edficas, conhecimentos sobre a transmiss\u00e3o da doen\u00e7a em cada regi\u00e3o e faixa et\u00e1ria, assim como os riscos que essa popula\u00e7\u00e3o pode correr caso n\u00e3o seja imunizada. A an\u00e1lise leva em conta todos os Estados e o Distrito Federal, regi\u00f5es onde grupos podem ser mais afetados, frequ\u00eancia e propor\u00e7\u00e3o de casos, mortalidade, gravidade dos casos, entre outros aspectos.<\/p>\n<p>&nbsp;<\/p>\n<p>Somente a partir do dia 21 de maio, pessoas privadas de liberdade, jovens sob medidas socioeducativas, funcion\u00e1rios do sistema prisional e pessoas com doen\u00e7as cr\u00f4nicas n\u00e3o transmiss\u00edveis e com outras condi\u00e7\u00f5es cl\u00ednicas especiais, independente da idade, poder\u00e3o ser vacinadas, conforme indica\u00e7\u00e3o do Minist\u00e9rio da Sa\u00fade.<\/p>\n","protected":false},"excerpt":{"rendered":"<p>A Campanha Nacional de Vacina\u00e7\u00e3o contra a Influenza prossegue em Corumb\u00e1. Desde o dia 23&#8230;<\/p>\n","protected":false},"author":1,"featured_media":16890,"comment_status":"closed","ping_status":"closed","sticky":false,"template":"","format":"standard","meta":{"footnotes":""},"categories":[8,21],"tags":[],"class_list":["post-16889","post","type-post","status-publish","format-standard","has-post-thumbnail","hentry","category-destaque","category-saude"],"_links":{"self":[{"href":"https:\/\/www.corumbaonline.com.br\/news\/wp-json\/wp\/v2\/posts\/16889","targetHints":{"allow":["GET"]}}],"collection":[{"href":"https:\/\/www.corumbaonline.com.br\/news\/wp-json\/wp\/v2\/posts"}],"about":[{"href":"https:\/\/www.corumbaonline.com.br\/news\/wp-json\/wp\/v2\/types\/post"}],"author":[{"embeddable":true,"href":"https:\/\/www.corumbaonline.com.br\/news\/wp-json\/wp\/v2\/users\/1"}],"replies":[{"embeddable":true,"href":"https:\/\/www.corumbaonline.com.br\/news\/wp-json\/wp\/v2\/comments?post=16889"}],"version-history":[{"count":1,"href":"https:\/\/www.corumbaonline.com.br\/news\/wp-json\/wp\/v2\/posts\/16889\/revisions"}],"predecessor-version":[{"id":16891,"href":"https:\/\/www.corumbaonline.com.br\/news\/wp-json\/wp\/v2\/posts\/16889\/revisions\/16891"}],"wp:featuredmedia":[{"embeddable":true,"href":"https:\/\/www.corumbaonline.com.br\/news\/wp-json\/wp\/v2\/media\/16890"}],"wp:attachment":[{"href":"https:\/\/www.corumbaonline.com.br\/news\/wp-json\/wp\/v2\/media?parent=16889"}],"wp:term":[{"taxonomy":"category","embeddable":true,"href":"https:\/\/www.corumbaonline.com.br\/news\/wp-json\/wp\/v2\/categories?post=16889"},{"taxonomy":"post_tag","embeddable":true,"href":"https:\/\/www.corumbaonline.com.br\/news\/wp-json\/wp\/v2\/tags?post=16889"}],"curies":[{"name":"wp","href":"https:\/\/api.w.org\/{rel}","templated":true}]}}