{"id":16892,"date":"2018-05-05T08:50:49","date_gmt":"2018-05-05T12:50:49","guid":{"rendered":"http:\/\/www.corumbaonline.com.br\/news\/?p=16892"},"modified":"2018-05-05T09:06:20","modified_gmt":"2018-05-05T13:06:20","slug":"trf4-nega-pedido-de-anulacao-da-condenacao-de-lula","status":"publish","type":"post","link":"https:\/\/www.corumbaonline.com.br\/news\/trf4-nega-pedido-de-anulacao-da-condenacao-de-lula\/","title":{"rendered":"TRF4 nega pedido de anula\u00e7\u00e3o da condena\u00e7\u00e3o de Lula"},"content":{"rendered":"<p>A vice-presidente do Tribunal Regional Federal da 4\u00aa Regi\u00e3o (TRF4), desembargadora Maria de F\u00e1tima Freitas Labarr\u00e8re, negou ontem (4) recurso da defesa do ex-presidente Luiz In\u00e1cio Lula da Silva para suspender a decis\u00e3o da 8\u00aa Turma do tribunal, que condenou o r\u00e9u a 12 anos e 1 m\u00eas, com execu\u00e7\u00e3o provis\u00f3ria da pena de pris\u00e3o.<\/p>\n<p>O pedido havia sido protocolado no dia\u00a027 de abril\u00a0pela defesa do ex-presidente. Os advogados\u00a0apontaram supostas viola\u00e7\u00f5es cometidas pelo ju\u00edz federal S\u00e9rgio Moro, entre elas a falta de comprovada rela\u00e7\u00e3o entre contratos com a Petrobras e o favorecimento il\u00edcito considerado na senten\u00e7a. A defesa alega que a 13\u00aa Vara de Curitiba n\u00e3o teria compet\u00eancia para julgar a a\u00e7\u00e3o.<\/p>\n<p>Segundo a desembargadora, embora presente o\u00a0periculum in mora\u00a0(perigo na demora) decorrente da pris\u00e3o do r\u00e9u, n\u00e3o estariam preenchidos os demais requisitos necess\u00e1rios ao deferimento da medida, que s\u00e3o a possibilidade de admissibilidade dos recursos junto aos tribunais superiores e a probabilidade de acolhimento das teses levantadas pela defesa.<\/p>\n<p>\u201cVale dizer, somente com argumentos s\u00f3lidos e pass\u00edveis de acolhimento pelas inst\u00e2ncias superiores, do ponto de vista da legalidade e constitucionalidade, \u00e9 que se pode obstaculizar o cumprimento do julgado emitido pela Corte Regional\u201d, afirmou a desembargadora.<\/p>\n","protected":false},"excerpt":{"rendered":"<p>A vice-presidente do Tribunal Regional Federal da 4\u00aa Regi\u00e3o (TRF4), desembargadora Maria de F\u00e1tima Freitas&#8230;<\/p>\n","protected":false},"author":1,"featured_media":0,"comment_status":"closed","ping_status":"closed","sticky":false,"template":"","format":"standard","meta":{"footnotes":""},"categories":[19],"tags":[],"class_list":["post-16892","post","type-post","status-publish","format-standard","hentry","category-politica"],"_links":{"self":[{"href":"https:\/\/www.corumbaonline.com.br\/news\/wp-json\/wp\/v2\/posts\/16892","targetHints":{"allow":["GET"]}}],"collection":[{"href":"https:\/\/www.corumbaonline.com.br\/news\/wp-json\/wp\/v2\/posts"}],"about":[{"href":"https:\/\/www.corumbaonline.com.br\/news\/wp-json\/wp\/v2\/types\/post"}],"author":[{"embeddable":true,"href":"https:\/\/www.corumbaonline.com.br\/news\/wp-json\/wp\/v2\/users\/1"}],"replies":[{"embeddable":true,"href":"https:\/\/www.corumbaonline.com.br\/news\/wp-json\/wp\/v2\/comments?post=16892"}],"version-history":[{"count":1,"href":"https:\/\/www.corumbaonline.com.br\/news\/wp-json\/wp\/v2\/posts\/16892\/revisions"}],"predecessor-version":[{"id":16893,"href":"https:\/\/www.corumbaonline.com.br\/news\/wp-json\/wp\/v2\/posts\/16892\/revisions\/16893"}],"wp:attachment":[{"href":"https:\/\/www.corumbaonline.com.br\/news\/wp-json\/wp\/v2\/media?parent=16892"}],"wp:term":[{"taxonomy":"category","embeddable":true,"href":"https:\/\/www.corumbaonline.com.br\/news\/wp-json\/wp\/v2\/categories?post=16892"},{"taxonomy":"post_tag","embeddable":true,"href":"https:\/\/www.corumbaonline.com.br\/news\/wp-json\/wp\/v2\/tags?post=16892"}],"curies":[{"name":"wp","href":"https:\/\/api.w.org\/{rel}","templated":true}]}}