{"id":16894,"date":"2018-05-05T10:00:26","date_gmt":"2018-05-05T14:00:26","guid":{"rendered":"http:\/\/www.corumbaonline.com.br\/news\/?p=16894"},"modified":"2018-05-05T10:26:16","modified_gmt":"2018-05-05T14:26:16","slug":"mpf-vai-apurar-nomeacao-de-segovia-para-cargo-na-italia","status":"publish","type":"post","link":"https:\/\/www.corumbaonline.com.br\/news\/mpf-vai-apurar-nomeacao-de-segovia-para-cargo-na-italia\/","title":{"rendered":"MPF vai apurar nomea\u00e7\u00e3o de Segovia para cargo na It\u00e1lia"},"content":{"rendered":"<p>O Minist\u00e9rio P\u00fablico Federal (MPF) decidiu apurar como foi a nomea\u00e7\u00e3o do ex-diretor-geral da Pol\u00edcia Federal (PF) Fernando Segovia como adido policial na Embaixada do Brasil na It\u00e1lia. Os detalhes do procedimento n\u00e3o foram divulgados oficialmente. Segovia foi nomeado para o cargo em fevereiro, ap\u00f3s o ministro da Seguran\u00e7a P\u00fablica, Raul Jungmann, assumir o cargo e mudar o comando da Pol\u00edcia Federal.<\/p>\n<p>O MPF quer saber se a nomea\u00e7\u00e3o seguiu a tramita\u00e7\u00e3o correta.<\/p>\n<p>De acordo com norma interna da PF, a indica\u00e7\u00e3o para miss\u00f5es no exterior somente pode ocorrer tr\u00eas anos ap\u00f3s o servidor ter deixado o posto de adido. Antes de voltar ao Brasil, no ano passado, Segovia foi adido na \u00c1frica do Sul. Dessa forma, ele s\u00f3 poderia voltar para alguma embaixada brasileira em 2020.<\/p>\n<p>Segovia deixou o cargo ap\u00f3s desgaste p\u00fablico provocado, em fevereiro, por uma entrevista \u00e0 Ag\u00eancia Reuters, na qual afirmou que, no inqu\u00e9rito em que o presidente Michel Temer e outros acusados s\u00e3o investigados pela PF, os ind\u00edcios eram &#8220;muito fr\u00e1geis&#8221;, sugerindo que o inqu\u00e9rito &#8220;poderia at\u00e9 concluir que n\u00e3o houve crime&#8221;.<\/p>\n","protected":false},"excerpt":{"rendered":"<p>O Minist\u00e9rio P\u00fablico Federal (MPF) decidiu apurar como foi a nomea\u00e7\u00e3o do ex-diretor-geral da Pol\u00edcia&#8230;<\/p>\n","protected":false},"author":1,"featured_media":0,"comment_status":"closed","ping_status":"closed","sticky":false,"template":"","format":"standard","meta":{"footnotes":""},"categories":[19],"tags":[],"class_list":["post-16894","post","type-post","status-publish","format-standard","hentry","category-politica"],"_links":{"self":[{"href":"https:\/\/www.corumbaonline.com.br\/news\/wp-json\/wp\/v2\/posts\/16894","targetHints":{"allow":["GET"]}}],"collection":[{"href":"https:\/\/www.corumbaonline.com.br\/news\/wp-json\/wp\/v2\/posts"}],"about":[{"href":"https:\/\/www.corumbaonline.com.br\/news\/wp-json\/wp\/v2\/types\/post"}],"author":[{"embeddable":true,"href":"https:\/\/www.corumbaonline.com.br\/news\/wp-json\/wp\/v2\/users\/1"}],"replies":[{"embeddable":true,"href":"https:\/\/www.corumbaonline.com.br\/news\/wp-json\/wp\/v2\/comments?post=16894"}],"version-history":[{"count":1,"href":"https:\/\/www.corumbaonline.com.br\/news\/wp-json\/wp\/v2\/posts\/16894\/revisions"}],"predecessor-version":[{"id":16895,"href":"https:\/\/www.corumbaonline.com.br\/news\/wp-json\/wp\/v2\/posts\/16894\/revisions\/16895"}],"wp:attachment":[{"href":"https:\/\/www.corumbaonline.com.br\/news\/wp-json\/wp\/v2\/media?parent=16894"}],"wp:term":[{"taxonomy":"category","embeddable":true,"href":"https:\/\/www.corumbaonline.com.br\/news\/wp-json\/wp\/v2\/categories?post=16894"},{"taxonomy":"post_tag","embeddable":true,"href":"https:\/\/www.corumbaonline.com.br\/news\/wp-json\/wp\/v2\/tags?post=16894"}],"curies":[{"name":"wp","href":"https:\/\/api.w.org\/{rel}","templated":true}]}}