{"id":16898,"date":"2018-05-05T10:41:41","date_gmt":"2018-05-05T14:41:41","guid":{"rendered":"http:\/\/www.corumbaonline.com.br\/news\/?p=16898"},"modified":"2018-05-05T10:41:41","modified_gmt":"2018-05-05T14:41:41","slug":"corumba-discute-desenvolvimento-economico-em-evento-estadual","status":"publish","type":"post","link":"https:\/\/www.corumbaonline.com.br\/news\/corumba-discute-desenvolvimento-economico-em-evento-estadual\/","title":{"rendered":"Corumb\u00e1 discute desenvolvimento econ\u00f4mico em evento estadual"},"content":{"rendered":"<p>Se o Encontro de Prefeitos e o F\u00f3rum de Secret\u00e1rios Municipais de Desenvolvimento, realizado \u00a0em parceria entre F\u00f3rum MS, Sebrae e Assomasul pudesse resumido em uma senten\u00e7a seria: mudan\u00e7a de modelos. Realizado no audit\u00f3rio do Sebrae, nesta sexta-feira, em Campo Grande, a fim de promover solu\u00e7\u00f5es inovadoras em setores essenciais em cada um dos 79 munic\u00edpios de Mato Grosso do Sul, em todas as palestras, a mudan\u00e7a de modelo na gest\u00e3o p\u00fablica municipal foi mencionada.<\/p>\n<p>&nbsp;<\/p>\n<p>&nbsp;<\/p>\n<p>Com a proposta de colocar o conceito de cidades inteligentes em pauta, os agentes p\u00fablicos do Estado &#8211; entre prefeitos, secret\u00e1rios de desenvolvimento econ\u00f4mico, deputados federais e estaduais e um ministro &#8211; foram desafiados. &#8220;Os gestores p\u00fablicos precisam estar atentos \u00e0s mudan\u00e7as do mercado, atualizar o formato da presta\u00e7\u00e3o de servi\u00e7o para uma pol\u00edtica p\u00fablica municipalista e, assim, promover a competitividade local&#8221;, enfatizou o presidente do F\u00f3rum MS, Renato dos Santos Lima. E complementou: &#8220;Com este encontro, queremos trazer para pauta essa preocupa\u00e7\u00e3o com o desenvolvimento local, aliado \u00e0s potencialidades de cada regi\u00e3o e, no final do ano, poderemos apresentar ao governador um plano em conjunto&#8221;.<\/p>\n<p>&nbsp;<\/p>\n<p>&nbsp;<\/p>\n<p>Representando o Munic\u00edpio de Corumb\u00e1, o subsecret\u00e1rio de Desenvolvimento Econ\u00f4mico e Sustent\u00e1vel, Luciano Leite, destacou a import\u00e2ncia do evento para a regi\u00e3o. &#8220;Temos um contexto \u00fanico, temos o Pantanal e a fronteira, e podemos usar essas caracter\u00edsticas a nosso favor para diversificar a economia local. Como Poder P\u00fablico, temos buscado solu\u00e7\u00f5es para fomentar os neg\u00f3cios locais e atrair investidores de outras regi\u00f5es&#8221;, assegurou.<\/p>\n<p>&nbsp;<\/p>\n<p>&nbsp;<\/p>\n<p>&#8220;Por mudan\u00e7a de modelo, n\u00f3s entendemos que as a\u00e7\u00f5es voltadas para os munic\u00edpios, individualmente, surtem mais efeito que uma estrat\u00e9gia global, pois s\u00e3o nas cidades que as pessoas moram e \u00e9 l\u00e1 que se percebe um ambiente favor\u00e1vel para viver e trabalhar&#8221;, aponta o presidente da Assomasul &#8211; Associa\u00e7\u00e3o dos Munic\u00edpios de Mato Grosso do Sul, Pedro Caravina.<\/p>\n<p>&nbsp;<\/p>\n<p>&nbsp;<\/p>\n<p>Prefeito de Bataguassu, Caravina destaca a import\u00e2ncia do desenvolvimento como pilar estrat\u00e9gico dos gestores municipais. &#8220;Muitas vezes, n\u00f3s enquanto prefeitos, estamos mais preocupados com sa\u00fade, educa\u00e7\u00e3o e infraestrutura, mas \u00e9 criando um ambiente favor\u00e1vel para o empreendedorismo que somos capazes de promover a transforma\u00e7\u00e3o, com mais ofertas de emprego e mais recursos para o crescimento municipal&#8221;, destaca.<\/p>\n<p>&nbsp;<\/p>\n<p>&nbsp;<\/p>\n<p>Para o diretor-superintendente do Sebrae\/MS, Cl\u00e1udio Mendon\u00e7a, emprego \u00e9 um agente de inclus\u00e3o social: &#8220;diante da realidade brasileira, o emprego vai cada vezes mais surgir como uma das maiores demandas da popula\u00e7\u00e3o, e para a cria\u00e7\u00e3o de novas vagas de trabalho s\u00f3 tem um jeito &#8211; fomentando novos neg\u00f3cios&#8221;, resume. Mendon\u00e7a sinaliza ainda que, com a melhoria na economia, o mercado come\u00e7a a vislumbrar um crescimento: &#8220;O pa\u00eds j\u00e1 sinaliza sinais de melhora, saindo da recess\u00e3o econ\u00f4mica e, este \u00e9 um momento oportuno para que o setor p\u00fablico crie um ambiente favor\u00e1vel para o desenvolvimento de novos neg\u00f3cios&#8221;.<\/p>\n<p>&nbsp;<\/p>\n<p>&nbsp;<\/p>\n<p>Como resposta ao cen\u00e1rio do mercado local, o Sebrae oferece solu\u00e7\u00f5es para o desenvolvimento sustent\u00e1vel dos munic\u00edpios, como programa LIDER, Pr\u00eamio Prefeito Empreendedor e Cidade Empreendedora. &#8220;Com o zoneamento econ\u00f4mico podemos oferecer servi\u00e7os que atendam o potencial de cada regi\u00e3o e, se estamos falando em mudan\u00e7a de modelos, estamos apresentando as ferramentas necess\u00e1rias para promover essa transi\u00e7\u00e3o&#8221;, resume Mendon\u00e7a.<\/p>\n<p>&nbsp;<\/p>\n<p>&nbsp;<\/p>\n<p>Quando o munic\u00edpio reconhece o seu potencial econ\u00f4mico, h\u00e1 um alinhamento estrat\u00e9gico entre servi\u00e7os prestados, fomento aos neg\u00f3cios e uma parceria com os setores locais, juntos, esses elementos s\u00e3o capazes de atrair investidores e serem beneficiados, direta e indiretamente, do bom desempenho. &#8220;O per\u00edodo eleitoral \u00e9 o momento de falar de desenvolvimento, para que os candidatos tamb\u00e9m sejam sensibilizados sobre esta pauta&#8221;, aborda Renato Lima.<\/p>\n<p>&nbsp;<\/p>\n<p>&nbsp;<\/p>\n<p>E, por se tratar de uma pauta positiva, o desenvolvimento econ\u00f4mico se faz importante na estrat\u00e9gia municipal, &#8220;praticamente n\u00e3o h\u00e1 crises, tratamos de gera\u00e7\u00e3o de emprego e renda, de investimento e de cria\u00e7\u00e3o de neg\u00f3cios e os gestores precisam estar atentos ao papel do secret\u00e1rio de desenvolvimento, que \u00e9 fundamental para mobilizar todos os setores da economia&#8221;, destaca o presidente do F\u00f3rum MS.<\/p>\n<p>&nbsp;<\/p>\n<p>&nbsp;<\/p>\n<p>Com a palestra &#8220;Alternativas para o desenvolvimento econ\u00f4mico de Mato Grosso do Sul, o secret\u00e1rio da Semagro, Jaime Verruck \u00a0trouxe dados sobre o momento econ\u00f4mico do Estado. &#8220;Dentro do desenvolvimento sustent\u00e1vel, falamos de acesso \u00e0 infraestrutura, log\u00edstica, promover um ambiente de neg\u00f3cio ao setor privado e, novamente, sobre uma mudan\u00e7a no modelo de gest\u00e3o pol\u00edtica&#8221;.<\/p>\n<p>&nbsp;<\/p>\n<p>&nbsp;<\/p>\n<p>&#8220;O setor agropecu\u00e1rio, sozinho, representa 17,3% do PIB do Estado e, em 2017, o Mato Grosso do Sul est\u00e1 em quinto lugar no ranking de estado mais competitivo&#8221;, destaca. Para manter o ritmo, Verruck elenca os projetos que v\u00e3o beneficiar diversos munic\u00edpios nos pr\u00f3ximos anos. &#8220;Temos rotas ferrovi\u00e1rias, hidrovi\u00e1rias e rodovi\u00e1rias que v\u00e3o dinamizar o com\u00e9rcio exterior, otimizando recursos que j\u00e1 possu\u00edmos, como a hidrovia no rio Paraguai e a malha ferrovi\u00e1ria que conecta os oceanos Atl\u00e2ntico e Pac\u00edfico&#8221;.<\/p>\n<p>&nbsp;<\/p>\n<p>&nbsp;<\/p>\n<p>O superintendente da Sudeco, Marcos Derzi, destacou a import\u00e2ncia dos pequenos neg\u00f3cios diante da grande busca pelo FCO &#8211; Fundo Constitucional de Financiamento do Centro-Oeste. &#8220;As pequenas empresas precisam saber que tem grande participa\u00e7\u00e3o no desenvolvimento. Dos 51 mil projetos que recebemos no ano passado, 98% foram aprovados e a maioria s\u00e3o de pequenos neg\u00f3cios, isso demonstra o impacto dessa modalidade de empresa na economia&#8221;, relatou.<\/p>\n<p>&nbsp;<\/p>\n<p>&nbsp;<\/p>\n<p>J\u00e1 Jorge Paulo Fernandes, diretor de novos neg\u00f3cios da Inform\u00e1tica dos Munic\u00edpios Associados &#8211; IMA\/SP, apresentou as ferramentas usadas pela Prefeitura de Campinas\/SP, &#8220;para atender \u00e0s demandas da sociedade com maior efic\u00e1cia e agilidade, com economia de recursos e na medida do que a situa\u00e7\u00e3o exige&#8221;, resumiu.<\/p>\n<p>&nbsp;<\/p>\n<p>&nbsp;<\/p>\n<p>No aplicativo desenvolvido pela empresa, o cidad\u00e3o pode acessar o andamento de protocolos, informa\u00e7\u00f5es sobre IPTU, \u00a0ado\u00e7\u00e3o de animais e busca por medicamentos na rede p\u00fablica. &#8220;Simplificamos o acesso aos servi\u00e7os p\u00fablicos e, queremos mostrar aos gestores municipais que \u00e9 poss\u00edvel atualizar o formato da presta\u00e7\u00e3o de servi\u00e7os e que essa postura promove a competitividade&#8221;, finalizou.<\/p>\n<p>&nbsp;<\/p>\n<p>&nbsp;<\/p>\n<p>Sobre &#8220;Desenvolvimento econ\u00f4mico regional e o contexto federativo&#8221;, o ministro-chefe da Secretaria de Governo da Presid\u00eancia da Rep\u00fablica, Carlos Marun, assegurou que &#8220;por pol\u00edtica e economia serem temas complementares, h\u00e1 um impacto direto no mercado&#8221;. Para o ministro-chefe, a reforma trabalhista se faz necess\u00e1ria para o desenvolvimento da economia. &#8220;Por um lado temos a conten\u00e7\u00e3o de gastos p\u00fablicos como prioridade, por outro temos quest\u00f5es priorit\u00e1rias [como a reforma trabalhista] que precisam ser deliberadas por agentes p\u00fablicos e, assim, o Poder P\u00fablico pode contribuir com a melhoria apresentada na economia&#8221;.<\/p>\n<p>&nbsp;<\/p>\n<p>&nbsp;<\/p>\n<p>Para Lima, &#8220;ao disseminar o conceito de cidades inteligentes e competitivas entre os agente p\u00fablicos de Mato Grosso do Sul trazemos \u00e0 tona o desenvolvimento sustent\u00e1vel e moderno&#8221;. E, ao atender \u00e0s demandas da sociedade com maior efic\u00e1cia e agilidade, o munic\u00edpio gera economia de recursos p\u00fablicos e cria condi\u00e7\u00f5es para o desenvolvimento e fomento de novos neg\u00f3cios. &#8220;Ao abordar as vantagens que os munic\u00edpios adquirem ao promover solu\u00e7\u00f5es que impactam a qualidade de vida, vem embutido o conceito de cidades inteligentes, mais competitividade e desenvolvimento para o MS&#8221;, explica o presidente do F\u00f3rum MS.<\/p>\n","protected":false},"excerpt":{"rendered":"<p>Se o Encontro de Prefeitos e o F\u00f3rum de Secret\u00e1rios Municipais de Desenvolvimento, realizado \u00a0em&#8230;<\/p>\n","protected":false},"author":1,"featured_media":0,"comment_status":"closed","ping_status":"closed","sticky":false,"template":"","format":"standard","meta":{"footnotes":""},"categories":[9],"tags":[],"class_list":["post-16898","post","type-post","status-publish","format-standard","hentry","category-economia"],"_links":{"self":[{"href":"https:\/\/www.corumbaonline.com.br\/news\/wp-json\/wp\/v2\/posts\/16898","targetHints":{"allow":["GET"]}}],"collection":[{"href":"https:\/\/www.corumbaonline.com.br\/news\/wp-json\/wp\/v2\/posts"}],"about":[{"href":"https:\/\/www.corumbaonline.com.br\/news\/wp-json\/wp\/v2\/types\/post"}],"author":[{"embeddable":true,"href":"https:\/\/www.corumbaonline.com.br\/news\/wp-json\/wp\/v2\/users\/1"}],"replies":[{"embeddable":true,"href":"https:\/\/www.corumbaonline.com.br\/news\/wp-json\/wp\/v2\/comments?post=16898"}],"version-history":[{"count":1,"href":"https:\/\/www.corumbaonline.com.br\/news\/wp-json\/wp\/v2\/posts\/16898\/revisions"}],"predecessor-version":[{"id":16899,"href":"https:\/\/www.corumbaonline.com.br\/news\/wp-json\/wp\/v2\/posts\/16898\/revisions\/16899"}],"wp:attachment":[{"href":"https:\/\/www.corumbaonline.com.br\/news\/wp-json\/wp\/v2\/media?parent=16898"}],"wp:term":[{"taxonomy":"category","embeddable":true,"href":"https:\/\/www.corumbaonline.com.br\/news\/wp-json\/wp\/v2\/categories?post=16898"},{"taxonomy":"post_tag","embeddable":true,"href":"https:\/\/www.corumbaonline.com.br\/news\/wp-json\/wp\/v2\/tags?post=16898"}],"curies":[{"name":"wp","href":"https:\/\/api.w.org\/{rel}","templated":true}]}}