{"id":16902,"date":"2018-05-05T10:58:01","date_gmt":"2018-05-05T14:58:01","guid":{"rendered":"http:\/\/www.corumbaonline.com.br\/news\/?p=16902"},"modified":"2018-05-05T10:48:24","modified_gmt":"2018-05-05T14:48:24","slug":"prefeitura-orienta-coordenadores-de-secretarias-sobre-ponto-biometrico","status":"publish","type":"post","link":"https:\/\/www.corumbaonline.com.br\/news\/prefeitura-orienta-coordenadores-de-secretarias-sobre-ponto-biometrico\/","title":{"rendered":"Prefeitura orienta coordenadores de Secretarias sobre ponto biom\u00e9trico"},"content":{"rendered":"<p>A Prefeitura de Corumb\u00e1 promoveu tr\u00eas dias de orienta\u00e7\u00f5es sobre o ponto eletr\u00f4nico biom\u00e9trico para coordenadores e auxiliares das Secretarias Municipais. A a\u00e7\u00e3o teve in\u00edcio na quarta-feira, dia 02, e terminou nesta sexta-feira, 04 de maio. \u201cApresentamos como proceder diante da operacionaliza\u00e7\u00e3o do sistema de ponto eletr\u00f4nico biom\u00e9trico. H\u00e1 toda uma regulamenta\u00e7\u00e3o e esclarecemos sobre o sistema, exemplificando para que n\u00e3o haja procedimento errado e o Munic\u00edpio tenha de penalizar o servidor com faltas que n\u00e3o s\u00e3o devidas\u201d, disse o subsecret\u00e1rio de Finan\u00e7as e Gest\u00e3o, M\u00e1rio S\u00e9rgio Aguiar Siqueira.<\/p>\n<p>&nbsp;<\/p>\n<p>Nas reuni\u00f5es, o subsecret\u00e1rio esclareceu que a responsabilidade em registrar o ponto \u00e9 do servidor. \u201cTodos t\u00eam responsabilidade quanto ao ponto eletr\u00f4nico. A responsabilidade n\u00e3o \u00e9 s\u00f3 do coordenador, do ordenador, do prefeito, a responsabilidade \u00e9 do servidor. Estamos sendo fiscalizados pelo Minist\u00e9rio P\u00fablico\u201d, argumentou.<\/p>\n<p>&nbsp;<\/p>\n<p>Os esclarecimentos, explicou M\u00e1rio S\u00e9rgio, t\u00eam como intuito garantir toda a informa\u00e7\u00e3o poss\u00edvel para os servidores municipais. \u201cN\u00e3o queremos transtornos para o servidor, sabemos que pode trazer desconto em folha de pagamento por faltas. N\u00e3o queremos isso para aquele servidor que trabalha, o servidor que n\u00e3o trabalha, vai ter de se adaptar. O servidor tem que ter a disciplina de fazer seu registro eletr\u00f4nico\u201d, completou.<\/p>\n<p><strong>A regulamenta\u00e7\u00e3o<\/strong><\/p>\n<p>&nbsp;<\/p>\n<p>O decreto n\u00ba 1.908, assinado pelo prefeito Marcelo Iunes, que disp\u00f5e sobre o expediente das reparti\u00e7\u00f5es p\u00fablicas municipais, o registro e o controle de frequ\u00eancia dos servidores do Poder Executivo Municipal estabelece que \u201ca comprova\u00e7\u00e3o do cumprimento da jornada de trabalho dos servidores ser\u00e1 feita mediante registro di\u00e1rio dos hor\u00e1rios de entrada e de sa\u00edda e anota\u00e7\u00e3o das aus\u00eancias durante o expediente de trabalho, subordinada \u00e0s seguintes regras: a entrada di\u00e1ria deve ser registrada dentro do per\u00edodo compreendido entre as 7h e 7h45min do mesmo dia, exceto os servidores referidos no \u00a72\u00ba do art. 1\u00ba, que observar\u00e3o a carga hor\u00e1ria da respectiva reparti\u00e7\u00e3o ou unidade\u201d. O \u00a72\u00ba do art. 1\u00ba diz que \u201cas reparti\u00e7\u00f5es municipais que prestam servi\u00e7os em hor\u00e1rios especiais e\/ou cont\u00ednuos funcionar\u00e3o em expediente fixado conforme a natureza de suas atividades e as demandas da popula\u00e7\u00e3o\u201d.<\/p>\n<p>&nbsp;<\/p>\n<p>Ainda de acordo com o decreto, em seu artigo primeiro \u201cas reparti\u00e7\u00f5es p\u00fablicas que integram os \u00f3rg\u00e3os da administra\u00e7\u00e3o direta e indireta do Munic\u00edpio de Corumb\u00e1 funcionar\u00e3o, nos dias \u00fateis, das 7h30min \u00e0s 17h30min\u201d. O expediente di\u00e1rio para atendimento ao p\u00fablico nas reparti\u00e7\u00f5es municipais ser\u00e1 das 7h30min \u00e0s 13h30min. A \u00edntegra do decreto n\u00ba 1.908 pode ser conferida na edi\u00e7\u00e3o de 11 de janeiro de 2018 do Di\u00e1rio Oficial do Munic\u00edpio de Corumb\u00e1 (DIOCORUMB\u00c1).<\/p>\n","protected":false},"excerpt":{"rendered":"<p>A Prefeitura de Corumb\u00e1 promoveu tr\u00eas dias de orienta\u00e7\u00f5es sobre o ponto eletr\u00f4nico biom\u00e9trico para&#8230;<\/p>\n","protected":false},"author":1,"featured_media":16903,"comment_status":"closed","ping_status":"closed","sticky":false,"template":"","format":"standard","meta":{"footnotes":""},"categories":[8,14],"tags":[],"class_list":["post-16902","post","type-post","status-publish","format-standard","has-post-thumbnail","hentry","category-destaque","category-geral"],"_links":{"self":[{"href":"https:\/\/www.corumbaonline.com.br\/news\/wp-json\/wp\/v2\/posts\/16902","targetHints":{"allow":["GET"]}}],"collection":[{"href":"https:\/\/www.corumbaonline.com.br\/news\/wp-json\/wp\/v2\/posts"}],"about":[{"href":"https:\/\/www.corumbaonline.com.br\/news\/wp-json\/wp\/v2\/types\/post"}],"author":[{"embeddable":true,"href":"https:\/\/www.corumbaonline.com.br\/news\/wp-json\/wp\/v2\/users\/1"}],"replies":[{"embeddable":true,"href":"https:\/\/www.corumbaonline.com.br\/news\/wp-json\/wp\/v2\/comments?post=16902"}],"version-history":[{"count":1,"href":"https:\/\/www.corumbaonline.com.br\/news\/wp-json\/wp\/v2\/posts\/16902\/revisions"}],"predecessor-version":[{"id":16904,"href":"https:\/\/www.corumbaonline.com.br\/news\/wp-json\/wp\/v2\/posts\/16902\/revisions\/16904"}],"wp:featuredmedia":[{"embeddable":true,"href":"https:\/\/www.corumbaonline.com.br\/news\/wp-json\/wp\/v2\/media\/16903"}],"wp:attachment":[{"href":"https:\/\/www.corumbaonline.com.br\/news\/wp-json\/wp\/v2\/media?parent=16902"}],"wp:term":[{"taxonomy":"category","embeddable":true,"href":"https:\/\/www.corumbaonline.com.br\/news\/wp-json\/wp\/v2\/categories?post=16902"},{"taxonomy":"post_tag","embeddable":true,"href":"https:\/\/www.corumbaonline.com.br\/news\/wp-json\/wp\/v2\/tags?post=16902"}],"curies":[{"name":"wp","href":"https:\/\/api.w.org\/{rel}","templated":true}]}}