{"id":16931,"date":"2018-05-07T09:42:27","date_gmt":"2018-05-07T13:42:27","guid":{"rendered":"http:\/\/www.corumbaonline.com.br\/news\/?p=16931"},"modified":"2018-05-07T12:53:12","modified_gmt":"2018-05-07T16:53:12","slug":"regularizacao-do-cemiterio-do-taquaral-sera-debatida-em-audiencia-na-quarta","status":"publish","type":"post","link":"https:\/\/www.corumbaonline.com.br\/news\/regularizacao-do-cemiterio-do-taquaral-sera-debatida-em-audiencia-na-quarta\/","title":{"rendered":"Regulariza\u00e7\u00e3o do cemit\u00e9rio do Taquaral ser\u00e1 debatida em audi\u00eancia na quarta"},"content":{"rendered":"<p>A regulariza\u00e7\u00e3o do cemit\u00e9rio do Taquaral ser\u00e1 debatida na pr\u00f3xima quarta-feira, 09 de maio, durante uma audi\u00eancia p\u00fablica na Escola Municipal Rural Monte Azul, localizada no pr\u00f3prio assentamento. O evento ser\u00e1 aberto \u00e0s 15 horas e os principais temas em discuss\u00e3o ser\u00e3o a interdi\u00e7\u00e3o, regulamenta\u00e7\u00e3o, regulariza\u00e7\u00e3o, reestrutura\u00e7\u00e3o, entre outros assuntos.<\/p>\n<p>A audi\u00eancia p\u00fablica foi solicitada pelos vereadores Baianinho e Roberto Fa\u00e7anha, por meio de requerimento aprovado durante sess\u00e3o da C\u00e2mara Municipal. Est\u00e3o sendo aguardadas as presen\u00e7as de autoridades ligadas ao Poder Executivo, Legislativo e Judici\u00e1rio, bem como de representantes dos pequenos produtores rurais.<\/p>\n<p>Entre os convidados est\u00e3o representantes do Minist\u00e9rio P\u00fablico Estadual e tamb\u00e9m do Minist\u00e9rio P\u00fablico Federal que, junto com as demais autoridades, v\u00e3o buscar uma solu\u00e7\u00e3o para o impasse gerado a partir da interdi\u00e7\u00e3o do cemit\u00e9rio.<\/p>\n<p>A iniciativa de se promover a audi\u00eancia surgiu ap\u00f3s uma ampla discuss\u00e3o na C\u00e2mara em torno da interdi\u00e7\u00e3o do cemit\u00e9rio que contou com as presen\u00e7as do prefeito Marcelo Iunes, e do secret\u00e1rio de Infraestrutura e Servi\u00e7os P\u00fablicos, Ricardo Ametlla.<\/p>\n<p>Na oportunidade, o prefeito deixou claro que a ideia \u00e9 elaborar um projeto e executar as obras necess\u00e1rias para dotar o espa\u00e7o de condi\u00e7\u00f5es necess\u00e1rias para os pequenos produtores sepultarem seus entes queridos.<\/p>\n<p>A C\u00e2mara est\u00e1 acompanhando todo o processo e \u00e9 parceira na busca de uma solu\u00e7\u00e3o para o problema, tanto que est\u00e1 realizando esta audi\u00eancia p\u00fablica para buscar uma solu\u00e7\u00e3o para um problema que est\u00e1 afetando os produtores rurais dos assentamentos localizados na regi\u00e3o de fronteira com a Bol\u00edvia.<\/p>\n","protected":false},"excerpt":{"rendered":"<p>A regulariza\u00e7\u00e3o do cemit\u00e9rio do Taquaral ser\u00e1 debatida na pr\u00f3xima quarta-feira, 09 de maio, durante&#8230;<\/p>\n","protected":false},"author":1,"featured_media":0,"comment_status":"closed","ping_status":"closed","sticky":false,"template":"","format":"standard","meta":{"footnotes":""},"categories":[19],"tags":[],"class_list":["post-16931","post","type-post","status-publish","format-standard","hentry","category-politica"],"_links":{"self":[{"href":"https:\/\/www.corumbaonline.com.br\/news\/wp-json\/wp\/v2\/posts\/16931","targetHints":{"allow":["GET"]}}],"collection":[{"href":"https:\/\/www.corumbaonline.com.br\/news\/wp-json\/wp\/v2\/posts"}],"about":[{"href":"https:\/\/www.corumbaonline.com.br\/news\/wp-json\/wp\/v2\/types\/post"}],"author":[{"embeddable":true,"href":"https:\/\/www.corumbaonline.com.br\/news\/wp-json\/wp\/v2\/users\/1"}],"replies":[{"embeddable":true,"href":"https:\/\/www.corumbaonline.com.br\/news\/wp-json\/wp\/v2\/comments?post=16931"}],"version-history":[{"count":1,"href":"https:\/\/www.corumbaonline.com.br\/news\/wp-json\/wp\/v2\/posts\/16931\/revisions"}],"predecessor-version":[{"id":16932,"href":"https:\/\/www.corumbaonline.com.br\/news\/wp-json\/wp\/v2\/posts\/16931\/revisions\/16932"}],"wp:attachment":[{"href":"https:\/\/www.corumbaonline.com.br\/news\/wp-json\/wp\/v2\/media?parent=16931"}],"wp:term":[{"taxonomy":"category","embeddable":true,"href":"https:\/\/www.corumbaonline.com.br\/news\/wp-json\/wp\/v2\/categories?post=16931"},{"taxonomy":"post_tag","embeddable":true,"href":"https:\/\/www.corumbaonline.com.br\/news\/wp-json\/wp\/v2\/tags?post=16931"}],"curies":[{"name":"wp","href":"https:\/\/api.w.org\/{rel}","templated":true}]}}