{"id":16933,"date":"2018-05-07T10:00:21","date_gmt":"2018-05-07T14:00:21","guid":{"rendered":"http:\/\/www.corumbaonline.com.br\/news\/?p=16933"},"modified":"2018-05-07T12:55:50","modified_gmt":"2018-05-07T16:55:50","slug":"sesi-oferecera-capacitacoes-e-sistema-de-gestao-em-sst-para-empresarios","status":"publish","type":"post","link":"https:\/\/www.corumbaonline.com.br\/news\/sesi-oferecera-capacitacoes-e-sistema-de-gestao-em-sst-para-empresarios\/","title":{"rendered":"Sesi oferecer\u00e1 capacita\u00e7\u00f5es e Sistema de Gest\u00e3o em SST para empres\u00e1rios"},"content":{"rendered":"<p>\u00c9 de conhecimento dos empres\u00e1rios que o cronograma do eSocial (Sistema de Escritura\u00e7\u00e3o Digital das Obriga\u00e7\u00f5es Fiscais, Previdenci\u00e1rias e Trabalhistas) teve in\u00edcio em janeiro deste ano. Mas voc\u00ea j\u00e1 parou para pensar se sua empresa est\u00e1 preparada para atender as obriga\u00e7\u00f5es do e-Social no que diz respeito \u00e0 Sa\u00fade e Seguran\u00e7a do Trabalho, etapa que ser\u00e1 obrigat\u00f3ria em janeiro de 2019?<\/p>\n<p>&nbsp;<\/p>\n<p>O Sesi de Mato Grosso do Sul, por meio da Gest\u00e3o em SST (Seguran\u00e7a e Sa\u00fade do Trabalho), dar\u00e1 in\u00edcio a uma s\u00e9rie de capacita\u00e7\u00f5es com o objetivo de orientar e instruir empres\u00e1rios a respeito da \u00e1rea e envio de dados. \u201cVamos demonstrar que o eSocial n\u00e3o introduzir\u00e1 nenhuma nova obriga\u00e7\u00e3o ao setor empresarial. As informa\u00e7\u00f5es que ser\u00e3o encaminhadas ao programa j\u00e1 precisam ser registradas hoje pelas empresas em diferentes datas e meios, alguns deles ainda em papel, e todo o processo passar\u00e1 a ser online\u201d, explica a advogada da Fiems, Karine Ign\u00e1cio Pinto.<\/p>\n<p>&nbsp;<\/p>\n<p>Inicialmente, a capacita\u00e7\u00e3o ser\u00e1 realizada nos munic\u00edpios onde h\u00e1 unidades f\u00edsicas do Sesi, a come\u00e7ar por Bonito. Em cada cidade, a advogada, acompanhada de t\u00e9cnicos da \u00e1rea de SST da institui\u00e7\u00e3o, apresentar\u00e1 a palestra \u201cComo fazer a gest\u00e3o de sua empresa na era do eSocial\u201d.<\/p>\n<p>&nbsp;<\/p>\n<p>O tema \u00e9 pertinente, acrescenta a diretora de SST do Sesi regional, a m\u00e9dica do trabalho Adriana Rossignoli Sato. \u201cAs mudan\u00e7as exigir\u00e3o das empresas avan\u00e7os na gest\u00e3o de SST, porque o mero controle formal e documental n\u00e3o ser\u00e1 mais suficiente, ser\u00e1 necess\u00e1ria a reformula\u00e7\u00e3o da rotina e a cultura interna da empresa, para que as informa\u00e7\u00f5es antes dispon\u00edveis em diferentes departamentos possam ser integradas e geradas com precis\u00e3o\u201d, analisa.<\/p>\n<p><strong>\u00a0<\/strong><\/p>\n<p><strong>Sistema informatizado<\/strong><\/p>\n<p><strong>\u00a0<\/strong><\/p>\n<p>Al\u00e9m da capacita\u00e7\u00e3o, o Sesi auxilia o empres\u00e1rio a se adequar \u00e0s mudan\u00e7as advindas do eSocial disponibilizando o Sistema Informatizado de Gest\u00e3o em SST, capaz de integrar as informa\u00e7\u00f5es relacionadas \u00e0 Seguran\u00e7a e Sa\u00fade do Trabalho, bem como validar os dados para envio \u00e0 plataforma do eSocial.<\/p>\n<p>&nbsp;<\/p>\n<p>O sistema dar\u00e1 maior agilidade operacional para a Gest\u00e3o dos Leiautes e Eventos de Sa\u00fade e Seguran\u00e7a Ocupacional exigidos pelo Governo Federal. Al\u00e9m desta ferramenta, o Sesi tamb\u00e9m oferece servi\u00e7os de consultorias, diagn\u00f3sticos de NRs e elabora\u00e7\u00f5es de programas.<\/p>\n","protected":false},"excerpt":{"rendered":"<p>\u00c9 de conhecimento dos empres\u00e1rios que o cronograma do eSocial (Sistema de Escritura\u00e7\u00e3o Digital das&#8230;<\/p>\n","protected":false},"author":1,"featured_media":0,"comment_status":"closed","ping_status":"closed","sticky":false,"template":"","format":"standard","meta":{"footnotes":""},"categories":[10],"tags":[],"class_list":["post-16933","post","type-post","status-publish","format-standard","hentry","category-educacao"],"_links":{"self":[{"href":"https:\/\/www.corumbaonline.com.br\/news\/wp-json\/wp\/v2\/posts\/16933","targetHints":{"allow":["GET"]}}],"collection":[{"href":"https:\/\/www.corumbaonline.com.br\/news\/wp-json\/wp\/v2\/posts"}],"about":[{"href":"https:\/\/www.corumbaonline.com.br\/news\/wp-json\/wp\/v2\/types\/post"}],"author":[{"embeddable":true,"href":"https:\/\/www.corumbaonline.com.br\/news\/wp-json\/wp\/v2\/users\/1"}],"replies":[{"embeddable":true,"href":"https:\/\/www.corumbaonline.com.br\/news\/wp-json\/wp\/v2\/comments?post=16933"}],"version-history":[{"count":1,"href":"https:\/\/www.corumbaonline.com.br\/news\/wp-json\/wp\/v2\/posts\/16933\/revisions"}],"predecessor-version":[{"id":16934,"href":"https:\/\/www.corumbaonline.com.br\/news\/wp-json\/wp\/v2\/posts\/16933\/revisions\/16934"}],"wp:attachment":[{"href":"https:\/\/www.corumbaonline.com.br\/news\/wp-json\/wp\/v2\/media?parent=16933"}],"wp:term":[{"taxonomy":"category","embeddable":true,"href":"https:\/\/www.corumbaonline.com.br\/news\/wp-json\/wp\/v2\/categories?post=16933"},{"taxonomy":"post_tag","embeddable":true,"href":"https:\/\/www.corumbaonline.com.br\/news\/wp-json\/wp\/v2\/tags?post=16933"}],"curies":[{"name":"wp","href":"https:\/\/api.w.org\/{rel}","templated":true}]}}