{"id":16937,"date":"2018-05-07T10:37:18","date_gmt":"2018-05-07T14:37:18","guid":{"rendered":"http:\/\/www.corumbaonline.com.br\/news\/?p=16937"},"modified":"2018-05-07T12:57:56","modified_gmt":"2018-05-07T16:57:56","slug":"escola-da-reme-e-selecionada-para-conferencia-estadual-do-meio-ambiente","status":"publish","type":"post","link":"https:\/\/www.corumbaonline.com.br\/news\/escola-da-reme-e-selecionada-para-conferencia-estadual-do-meio-ambiente\/","title":{"rendered":"Escola da REME \u00e9 selecionada para confer\u00eancia estadual do meio ambiente"},"content":{"rendered":"<p>A Escola Municipal de Educa\u00e7\u00e3o Integral Luiz Feitosa Rodrigues foi selecionada para a etapa estadual da V Confer\u00eancia Infanto-Juvenil pelo Meio Ambiente. Neste ano a proposta da Confer\u00eancia \u00e9 \u201cCuidando do Brasil: cuidando das \u00e1guas\u201d, elaborado pelo Minist\u00e9rio da Educa\u00e7\u00e3o e Minist\u00e9rio do Meio ambiente para a implementa\u00e7\u00e3o da Lei Federal n\u00ba 9.433\/97 (Lei de \u00c1guas), que instituiu a Pol\u00edtica Nacional de Recursos H\u00eddricos.<\/p>\n<p>&nbsp;<\/p>\n<p>Partindo desta premissa, a Escola Municipal de Educa\u00e7\u00e3o Integral Luiz Feitosa Rodrigues incorporou em sua proposta pedag\u00f3gica a \u201csustentabilidade\u201d, visando estimular processos dial\u00f3gicos e participativos para enfatizar a import\u00e2ncia da a\u00e7\u00e3o coletiva e da atua\u00e7\u00e3o em rede em sua localidade. A escola desenvolveu o projeto \u201cPensando global e agindo local: Bairro Borrowiski\u201d. A a\u00e7\u00e3o faz parte do projeto macro, intitulado, \u201cO Brasil que queremos: olhando as \u00e1guas\u201d, como proposta anual da escola.<\/p>\n<p>&nbsp;<\/p>\n<p>A confer\u00eancia na etapa escolar e obrigat\u00f3ria ocorreu nos dias 26 e 27 de mar\u00e7o na escola, com a participa\u00e7\u00e3o de todos os estudantes, professores e comunidade externa. Foram apresentados quatro projetos com a participa\u00e7\u00e3o de oito delegados com idades a partir de 11 anos, previsto em regulamento. A escolha do delegado e do projeto ocorreu de forma democr\u00e1tica no princ\u00edpio \u201cjovem escolhe jovem\u201d. O estudante Wellison Bras Mattos Leite (7\u00baano) foi o selecionado e representar\u00e1 a escola na etapa estadual que ir\u00e1 ocorrer no Eco Hotel Ch\u00e1cara do Lago, em Campo Grande (MS), nos dias 11 a 13 de maio de 2018. A etapa Nacional est\u00e1 prevista para junho.<\/p>\n<p>&nbsp;<\/p>\n<p>Segundo a gestora da unidade escolar, T\u00e2nia Regina Giacometti, a iniciativa \u201ctem o objetivo de apoiar processos de transforma\u00e7\u00e3o de valores, atitudes, h\u00e1bitos e comportamentos para o uso sustent\u00e1vel da \u00e1gua na escola e na comunidade, por meio de a\u00e7\u00f5es coletivas para alcan\u00e7ar o cuidado com as \u00e1guas, na qual acreditamos e realizamos todos os anos\u201d.<\/p>\n<p>&nbsp;<\/p>\n<p>O secretario municipal de Educa\u00e7\u00e3o, Genilson Canavarro de Abreu, destacou a import\u00e2ncia do trabalho com projetos, pois oferece in\u00fameros benef\u00edcios para a comunidade escolar, aumenta a participa\u00e7\u00e3o dos alunos, reduz a evas\u00e3o escolar, estimula a capacidade de aprendizagem cooperativa e melhora o desempenho dos estudantes.\u00a0 \u201cComo educadores devemos pensar numa escola que promova esse aprendizado com \u2018sustentabilidade\u2019 com a finalidade de se ensinar a import\u00e2ncia de atitudes de preserva\u00e7\u00e3o, para que as gera\u00e7\u00f5es futuras n\u00e3o sofram com a destrui\u00e7\u00e3o ambiental\u201d.<\/p>\n","protected":false},"excerpt":{"rendered":"<p>A Escola Municipal de Educa\u00e7\u00e3o Integral Luiz Feitosa Rodrigues foi selecionada para a etapa estadual&#8230;<\/p>\n","protected":false},"author":1,"featured_media":0,"comment_status":"closed","ping_status":"closed","sticky":false,"template":"","format":"standard","meta":{"footnotes":""},"categories":[10],"tags":[],"class_list":["post-16937","post","type-post","status-publish","format-standard","hentry","category-educacao"],"_links":{"self":[{"href":"https:\/\/www.corumbaonline.com.br\/news\/wp-json\/wp\/v2\/posts\/16937","targetHints":{"allow":["GET"]}}],"collection":[{"href":"https:\/\/www.corumbaonline.com.br\/news\/wp-json\/wp\/v2\/posts"}],"about":[{"href":"https:\/\/www.corumbaonline.com.br\/news\/wp-json\/wp\/v2\/types\/post"}],"author":[{"embeddable":true,"href":"https:\/\/www.corumbaonline.com.br\/news\/wp-json\/wp\/v2\/users\/1"}],"replies":[{"embeddable":true,"href":"https:\/\/www.corumbaonline.com.br\/news\/wp-json\/wp\/v2\/comments?post=16937"}],"version-history":[{"count":1,"href":"https:\/\/www.corumbaonline.com.br\/news\/wp-json\/wp\/v2\/posts\/16937\/revisions"}],"predecessor-version":[{"id":16938,"href":"https:\/\/www.corumbaonline.com.br\/news\/wp-json\/wp\/v2\/posts\/16937\/revisions\/16938"}],"wp:attachment":[{"href":"https:\/\/www.corumbaonline.com.br\/news\/wp-json\/wp\/v2\/media?parent=16937"}],"wp:term":[{"taxonomy":"category","embeddable":true,"href":"https:\/\/www.corumbaonline.com.br\/news\/wp-json\/wp\/v2\/categories?post=16937"},{"taxonomy":"post_tag","embeddable":true,"href":"https:\/\/www.corumbaonline.com.br\/news\/wp-json\/wp\/v2\/tags?post=16937"}],"curies":[{"name":"wp","href":"https:\/\/api.w.org\/{rel}","templated":true}]}}