{"id":16990,"date":"2018-05-08T11:40:19","date_gmt":"2018-05-08T15:40:19","guid":{"rendered":"http:\/\/www.corumbaonline.com.br\/news\/?p=16990"},"modified":"2018-05-08T11:44:10","modified_gmt":"2018-05-08T15:44:10","slug":"joaquim-barbosa-anuncia-que-nao-sera-candidato-a-presidencia","status":"publish","type":"post","link":"https:\/\/www.corumbaonline.com.br\/news\/joaquim-barbosa-anuncia-que-nao-sera-candidato-a-presidencia\/","title":{"rendered":"Joaquim Barbosa anuncia que n\u00e3o ser\u00e1 candidato \u00e0 Presid\u00eancia"},"content":{"rendered":"<p>O ex-presidente do Supremo Tribunal Federal (STF) e ministro aposentado do tribunal Joaquim Barbosa anunciou no Twitter que n\u00e3o ser\u00e1 candidato \u00e0 Presid\u00eancia da Rep\u00fablica em 2018: &#8220;Est\u00e1 decidido. Ap\u00f3s v\u00e1rias semanas de muita reflex\u00e3o, finalmente cheguei a uma conclus\u00e3o. N\u00e3o pretendo ser candidato a Presidente da Rep\u00fablica. Decis\u00e3o estritamente pessoal&#8221;.<\/p>\n<div class=\"mc-column content-text active-extra-styles \" data-block-type=\"unstyled\" data-block-weight=\"53\" data-block-id=\"4\">\n<p class=\"content-text__container \" data-track-category=\"Link no Texto\" data-track-links=\"\">Em abril, o ministro aposentado<a href=\"https:\/\/g1.globo.com\/politica\/noticia\/psb-anuncia-filiacao-de-ex-presidente-do-stf-joaquim-barbosa.ghtml\">\u00a0anunciou sua filia\u00e7\u00e3o ao Partido Socialista Brasileiro (PSB)<\/a>. Na ocasi\u00e3o, a legenda disse que iniciaria discuss\u00f5es sobre uma poss\u00edvel candidatura dele \u00e0 Presid\u00eancia. Joaquim Barbosa apareceu na terceira e na quarta coloca\u00e7\u00e3o em nove cen\u00e1rios de 1\u00ba turno da\u00a0<a href=\"https:\/\/g1.globo.com\/politica\/noticia\/lula-tem-31-bolsonaro-15-marina-10-aponta-pesquisa-datafolha-para-2018.ghtml\">\u00faltima pesquisa Datafolha de inten\u00e7\u00e3o de voto<\/a>\u00a0para presidente.<\/p>\n<\/div>\n<div class=\"mc-column content-text active-extra-styles \" data-block-type=\"unstyled\" data-block-weight=\"43\" data-block-id=\"5\">\n<p class=\"content-text__container \" data-track-category=\"Link no Texto\" data-track-links=\"\">A filia\u00e7\u00e3o de Barbosa ao PSB causou desconforto no ex-ministro Aldo Rebelo, que havia se oferecido ao partido como poss\u00edvel candidato ao Planalto. Rebelo acabou deixando a sigla e aderindo ao Solidariedade &#8211; legeanda pela qual\u00a0<a href=\"https:\/\/g1.globo.com\/politica\/eleicoes\/2018\/noticia\/solidariedade-lanca-pre-candidatura-de-aldo-rebelo-a-presidencia-da-republica.ghtml\">se lan\u00e7ou pr\u00e9-candidato \u00e0 Presid\u00eancia em abril.<\/a><\/p>\n<\/div>\n<div class=\"mc-column content-text active-extra-styles \" data-block-type=\"unstyled\" data-block-weight=\"61\" data-block-id=\"6\">\n<p class=\"content-text__container \" data-track-category=\"Link no Texto\" data-track-links=\"\">&#8220;Como havia uma inclina\u00e7\u00e3o do partido pela candidatura do ex-ministro, eu preferi naturalmente deixar o partido \u00e0 vontade. E procurar, j\u00e1 que havia um convite, uma legenda que tem identidade com meu pensamento, com minha trajet\u00f3ria, com os meus valores e com as perspectivas que eu vejo como promissoras para o Brasil&#8221;, afirmou Rebelo \u00e0 \u00e9poca sobre o desligamento do PSB.<\/p>\n<\/div>\n<div class=\"mc-column content-text active-extra-styles\" data-block-type=\"raw\" data-block-weight=\"1\" data-block-id=\"7\">\n<div class=\"content-intertitle\">\n<h2>Repercuss\u00e3o<\/h2>\n<\/div>\n<\/div>\n<div class=\"mc-column content-text active-extra-styles \" data-block-type=\"unstyled\" data-block-weight=\"43\" data-block-id=\"8\">\n<p class=\"content-text__container \" data-track-category=\"Link no Texto\" data-track-links=\"\">O presidente do PSB, Carlos Siqueira, lamentou a decis\u00e3o de Joaquim Barbosa\u00a0<a href=\"https:\/\/g1.globo.com\/politica\/blog\/valdo-cruz\/post\/2018\/05\/08\/desistencia-de-joaquim-barbosa-agrada-tucanos-e-candidatos-de-esquerda-psb-diz-respeitar-mas-lamenta-decisao.ghtml\">em entrevista ao blog do Valdo Cruz<\/a>. &#8220;Eu respeito a decis\u00e3o dele, mas lamento, porque a pol\u00edtica est\u00e1 precisando de ser oxigenada, e ele poderia representar esse papel nesta elei\u00e7\u00e3o&#8221;, afirmou.<\/p>\n<div class=\"mc-column content-text active-extra-styles \" data-block-type=\"unstyled\" data-block-weight=\"51\" data-block-id=\"10\">\n<p class=\"content-text__container \" data-track-category=\"Link no Texto\" data-track-links=\"\">Em nota, o PSB afirmou que a decis\u00e3o de Barbosa foi pessoal e que segue buscando uma candidatura que contemple &#8220;os amplos clamores populares&#8221;. &#8220;A reflex\u00e3o de foro \u00edntimo realizada pelo ministro fez com que a candidatura n\u00e3o seguisse \u00e0 frente, decis\u00e3o que o PSB compreende, especialmente, por que \u00e9 personal\u00edssima&#8221;.<\/p>\n<\/div>\n<div class=\"mc-column content-text active-extra-styles \" data-block-type=\"unstyled\" data-block-weight=\"40\" data-block-id=\"11\">\n<p class=\"content-text__container \" data-track-category=\"Link no Texto\" data-track-links=\"\">Para pol\u00edticos<a href=\"https:\/\/g1.globo.com\/politica\/blog\/valdo-cruz\/post\/2018\/05\/08\/desistencia-de-joaquim-barbosa-agrada-tucanos-e-candidatos-de-esquerda-psb-diz-respeitar-mas-lamenta-decisao.ghtml\">\u00a0tucanos e candidatos de esquerda a desist\u00eancia de Barbosa trouxe al\u00edvio<\/a>, j\u00e1 que o ministro aposentado tinha potencial para tirar votos tanto do PSDB como de partidos do campo da esquerda e centro-esquerda, avalia o colunista Valdo Cruz.<\/p>\n<div class=\"mc-column content-text active-extra-styles\" data-block-type=\"raw\" data-block-weight=\"1\" data-block-id=\"13\">\n<div class=\"content-intertitle\">\n<h2>Perfil<\/h2>\n<\/div>\n<\/div>\n<div class=\"mc-column content-text active-extra-styles \" data-block-type=\"unstyled\" data-block-weight=\"30\" data-block-id=\"14\">\n<p class=\"content-text__container \" data-track-category=\"Link no Texto\" data-track-links=\"\">Indicado para ministro do STF pelo ex-presidente Luiz In\u00e1cio Lula da Silva, Barbosa permaneceu no STF de 2003 a 2014, e assumiu a presid\u00eancia da Corte entre 2012 e 2014.<\/p>\n<\/div>\n<div class=\"mc-column content-text active-extra-styles \" data-block-type=\"unstyled\" data-block-weight=\"20\" data-block-id=\"15\">\n<p class=\"content-text__container \" data-track-category=\"Link no Texto\" data-track-links=\"\">Relator do processo do mensal\u00e3o, levou o caso a julgamento em 2012 com voto pela condena\u00e7\u00e3o da maioria dos acusados.<\/p>\n<div class=\"mc-column content-text active-extra-styles \" data-block-type=\"unstyled\" data-block-weight=\"7\" data-block-id=\"18\">\n<p class=\"content-text__container \" data-track-category=\"Link no Texto\" data-track-links=\"\"><strong>Leia a \u00edntegra da nota do PSB:<\/strong><\/p>\n<\/div>\n<div class=\"mc-column content-text active-extra-styles \" data-block-type=\"unstyled\" data-block-weight=\"33\" data-block-id=\"19\">\n<p class=\"content-text__container \" data-track-category=\"Link no Texto\" data-track-links=\"\"><em>O ministro aposentado do Supremo Tribunal Federal, Joaquim Barbosa, informou na manh\u00e3 desta ter\u00e7a-feira (8), ao presidente nacional do PSB, Carlos Siqueira, a decis\u00e3o de n\u00e3o apresentar sua candidatura \u00e0 Presid\u00eancia da Rep\u00fablica.<\/em><\/p>\n<\/div>\n<div class=\"mc-column content-text active-extra-styles \" data-block-type=\"unstyled\" data-block-weight=\"59\" data-block-id=\"20\">\n<p class=\"content-text__container \" data-track-category=\"Link no Texto\" data-track-links=\"\"><em>Cabe destacar que a defini\u00e7\u00e3o do ministro ocorre nos termos da pactua\u00e7\u00e3o realizada em sua filia\u00e7\u00e3o, no \u00faltimo dia 6 de abril, que possibilitava ao PSB n\u00e3o conceder legenda a Barbosa, e que este, por sua vez, n\u00e3o assumia a obriga\u00e7\u00e3o de se candidatar. Tratava-se, desde o princ\u00edpio, portanto, de uma constru\u00e7\u00e3o pautada pelo respeito m\u00fatuo entre as partes.<\/em><\/p>\n<\/div>\n<div class=\"mc-column content-text active-extra-styles \" data-block-type=\"unstyled\" data-block-weight=\"27\" data-block-id=\"21\">\n<p class=\"content-text__container \" data-track-category=\"Link no Texto\" data-track-links=\"\"><em>A reflex\u00e3o de foro \u00edntimo realizada pelo ministro fez com que a candidatura n\u00e3o seguisse \u00e0 frente, decis\u00e3o que o PSB compreende, especialmente, por que \u00e9 personal\u00edssima.<\/em><\/p>\n<\/div>\n<div data-track-category=\"fim do conteudo\" data-track-action=\"ultimo chunk conteudo\" data-track-noninteraction=\"false\" data-track-scroll=\"entrada completa viewport\">\n<div class=\"mc-column content-text active-extra-styles \" data-block-type=\"unstyled\" data-block-weight=\"42\" data-block-id=\"22\">\n<p class=\"content-text__container \" data-track-category=\"Link no Texto\" data-track-links=\"\"><em>O PSB segue doravante, com serenidade, na tentativa de contribuir para a constru\u00e7\u00e3o de alternativas para o Pa\u00eds, que contemplem os amplos clamores populares, pela renova\u00e7\u00e3o da pr\u00e1tica pol\u00edtica, algo que a possibilidade da candidatura do ministro Joaquim Barbosa t\u00e3o bem representou.<\/em><\/p>\n<\/div>\n<\/div>\n<\/div>\n<\/div>\n<div class=\"mc-column content-media content-media--normal content-video\" data-block-type=\"backstage-video\" data-block-id=\"12\">\n<div class=\"content-media__container content-media__container--loaded\">\n<div class=\"content-video__video\">\n<div id=\"wp3-player-0\" class=\"clappr-player\" tabindex=\"9999\" data-player=\"\">\n<div class=\"dfp-ad-overlay dfp-ad-overlay--poster-mode\"><\/div>\n<div class=\"container master-container pointer-enabled\" data-container=\"\" data-pip=\"\"><\/div>\n<div class=\"media-control media-control-hide\"><\/div>\n<\/div>\n<\/div>\n<\/div>\n<\/div>\n<\/div>\n","protected":false},"excerpt":{"rendered":"<p>O ex-presidente do Supremo Tribunal Federal (STF) e ministro aposentado do tribunal Joaquim Barbosa anunciou&#8230;<\/p>\n","protected":false},"author":1,"featured_media":16992,"comment_status":"closed","ping_status":"closed","sticky":false,"template":"","format":"standard","meta":{"footnotes":""},"categories":[19],"tags":[],"class_list":["post-16990","post","type-post","status-publish","format-standard","has-post-thumbnail","hentry","category-politica"],"_links":{"self":[{"href":"https:\/\/www.corumbaonline.com.br\/news\/wp-json\/wp\/v2\/posts\/16990","targetHints":{"allow":["GET"]}}],"collection":[{"href":"https:\/\/www.corumbaonline.com.br\/news\/wp-json\/wp\/v2\/posts"}],"about":[{"href":"https:\/\/www.corumbaonline.com.br\/news\/wp-json\/wp\/v2\/types\/post"}],"author":[{"embeddable":true,"href":"https:\/\/www.corumbaonline.com.br\/news\/wp-json\/wp\/v2\/users\/1"}],"replies":[{"embeddable":true,"href":"https:\/\/www.corumbaonline.com.br\/news\/wp-json\/wp\/v2\/comments?post=16990"}],"version-history":[{"count":1,"href":"https:\/\/www.corumbaonline.com.br\/news\/wp-json\/wp\/v2\/posts\/16990\/revisions"}],"predecessor-version":[{"id":16993,"href":"https:\/\/www.corumbaonline.com.br\/news\/wp-json\/wp\/v2\/posts\/16990\/revisions\/16993"}],"wp:featuredmedia":[{"embeddable":true,"href":"https:\/\/www.corumbaonline.com.br\/news\/wp-json\/wp\/v2\/media\/16992"}],"wp:attachment":[{"href":"https:\/\/www.corumbaonline.com.br\/news\/wp-json\/wp\/v2\/media?parent=16990"}],"wp:term":[{"taxonomy":"category","embeddable":true,"href":"https:\/\/www.corumbaonline.com.br\/news\/wp-json\/wp\/v2\/categories?post=16990"},{"taxonomy":"post_tag","embeddable":true,"href":"https:\/\/www.corumbaonline.com.br\/news\/wp-json\/wp\/v2\/tags?post=16990"}],"curies":[{"name":"wp","href":"https:\/\/api.w.org\/{rel}","templated":true}]}}