{"id":17004,"date":"2018-05-08T15:53:08","date_gmt":"2018-05-08T19:53:08","guid":{"rendered":"http:\/\/www.corumbaonline.com.br\/news\/?p=17004"},"modified":"2018-05-08T15:59:33","modified_gmt":"2018-05-08T19:59:33","slug":"giroto-se-entrega-na-policia-federal-apos-decisao-do-stf-na-lama-asfaltica","status":"publish","type":"post","link":"https:\/\/www.corumbaonline.com.br\/news\/giroto-se-entrega-na-policia-federal-apos-decisao-do-stf-na-lama-asfaltica\/","title":{"rendered":"Giroto se entrega na Pol\u00edcia Federal ap\u00f3s decis\u00e3o do STF na Lama Asf\u00e1ltica"},"content":{"rendered":"<p>J\u00e1 est\u00e1 na sede da Pol\u00edcia Federal de Campo Grande o ex-deputado federal e ex-secret\u00e1rio de Obras do Estado, Edson Giroto. Ele chegou \u00e0 superintend\u00eancia da PF \u00e0s 15 horas desta ter\u00e7a-feira (8), um dia depois\u00a0<a href=\"https:\/\/www.midiamax.com.br\/policia\/2018\/stf-determina-prisao-de-giroto-e-amorim-e-defesa-quer-negociar-entrega-a-justica\/\" target=\"_blank\" rel=\"noopener noreferrer\"><strong>do STF (Supremo Tribunal Federal) encaminhar<\/strong><\/a>\u00a0o pedido \u00e0 Justi\u00e7a Federal em Mato Grosso do Sul.<\/p>\n<p>Al\u00e9m de Giroto, tamb\u00e9m est\u00e3o na sede da PF\u00a0Fl\u00e1vio Schrocchio e Wilson Roberto Mariano, outros implicados na Opera\u00e7\u00e3o Lama Asf\u00e1ltica e alvos da decis\u00e3o do STF.<\/p>\n<p>Ao chegar no local, acompanhado de advogados, Giroto falou rapidamente com a imprensa. \u201cN\u00e3o tenho nada a dizer, confio na Justi\u00e7a. Trabalhei tanto na minha vida, n\u00e3o esperava que ia passar por isso, se eu for culpado, eu vou pagar, mas eu tenho certeza do que eu fiz. Infelizmente estamos vivendo um momento pol\u00edtico do Estado muito dif\u00edcil\u201d.<\/p>\n<p>Quando foi questionado sobre a sensa\u00e7\u00e3o de ser novamente detido, Giroto afirmou que \u201c\u00e9 um sofrimento\u201d.<\/p>\n<p>A \u00edntegra da decis\u00e3o do STF encaminhada tanto ao TRF3 (Tribunal Regional da 3\u00aa Regi\u00e3o) quanto \u00e0 3\u00aa Vara da Justi\u00e7a Federal de Campo Grande ainda est\u00e1 sob sigilo.<\/p>\n<h3>Pris\u00f5es<\/h3>\n<p>Giroto, Amorim e os r\u00e9us Rachel Rosana Portela Giroto, Elza Cristina Ara\u00fajo dos Santos, Fl\u00e1vio Schrocchio, Ana Paula Amorim Dolzan, Wilson Mariano e Mariane Mariano foram presos no \u00faltimo dia 9 de mar\u00e7o, mas conseguiram um habeas corpus no TRF3 em 19 de mar\u00e7o, quando o Tribunal substituiu a pris\u00e3o por outras medidas cautelares. Por serem m\u00e3es, as mulheres ficam em pris\u00e3o domiciliar, de acordo com o pedido.<\/p>\n<p>No final de abril, a PGR (Procuradoria Geral da Rep\u00fablica) ingressou no Supremo com uma liminar para suspender a decis\u00e3o do TRF3 que garantiu a liberdade dos acusados.<\/p>\n<p>No pedido, Raquel Dodge afirma que a decis\u00e3o colegiada da corte superior foi \u2018desrespeitada em sua autoridade e, na pr\u00e1tica, perdeu sua efic\u00e1cia, por meio de ac\u00f3rd\u00e3os da Quinta Turma do Tribunal Regional Federal da 3\u00aa Regi\u00e3o, da lavra do Desembargador Federal Paulo Fontes\u2019.<\/p>\n<p>Raquel argumenta ainda que os dois habeas corpus concedidos que colocaram em liberdade os oito r\u00e9us, ambos decis\u00e3o do tribunal regional, \u2018desafiam a autoridade\u2019 do STF.<\/p>\n<p>A procuradora cita, ainda, a atua\u00e7\u00e3o do Tribunal no caso. \u201cOcorre que os fundamentos utilizados no ac\u00f3rd\u00e3o do Tribunal Regional Federal da 3\u00aa Regi\u00e3o n\u00e3o desconstituem, sequer em raz\u00e3o de fatos supervenientes, o entendimento que resulta do pr\u00e9vio ac\u00f3rd\u00e3o do Supremo Tribunal Federal no Habeas Corpus 135.027\/MS, de que a pris\u00e3o dos pacientes \u00e9 indispens\u00e1vel \u00e0 garantia da ordem p\u00fablica em raz\u00e3o da gravidade concreta da conduta dos pacientes, do grande fluxo financeiro oriundo da atividade il\u00edcita, da log\u00edstica da organiza\u00e7\u00e3o criminosa e da continuidade das articula\u00e7\u00f5es dos agentes mesmo depois de deflagrada a primeira fase da \u2018Opera\u00e7\u00e3o Lama Asf\u00e1ltica\u2019\u201d.<\/p>\n<p>De acordo com Dodge, a Suprema Corte foi categ\u00f3rica ao proclamar o risco severo \u00e0 ordem p\u00fablica provocado pelos investigados, \u2018em decorr\u00eancia da extrema gravidade concreta da conduta a eles atribu\u00edda, apta, por si s\u00f3, a amparar a cautelaridade da pris\u00e3o processual\u2019 e argumenta que mesmo que a defesa argumente n\u00e3o haver evid\u00eancia de que os r\u00e9us tenham incorrido em reitera\u00e7\u00e3o criminosa ap\u00f3s a soltura resultante da liminar dada pelo Min. Marco Aur\u00e9lio, o fato \u2018n\u00e3o afasta o gravame \u00e0 ordem p\u00fablica resultante da periculosidade detectada pela Suprema Corte, radicada na gravidade concreta dos eventos a eles atribu\u00eddos\u2019.<\/p>\n<p>\u201cEm situa\u00e7\u00f5es similares \u00e0 presente, a Suprema Corte tem manifestado o entendimento de que as demais inst\u00e2ncias judiciais, ao analisarem pedidos de habeas corpus de pacientes que tiveram decis\u00f5es proferidas pelo STF tamb\u00e9m em sede de HC, devem observar estas, sob pena de agirem em burla \u00e0 sua autoridade\u201d, conclui.<\/p>\n<p>A Opera\u00e7\u00e3o Lama Asf\u00e1ltica apura pr\u00e1tica de crimes como corrup\u00e7\u00e3o, lavagem de dinheiro, desvio de recursos p\u00fablicos, peculato e direcionamento de licita\u00e7\u00f5es, com preju\u00edzos que podem chegar a R$ 2 bilh\u00f5es, segundo levantamento apontado pela for\u00e7a tarefa formada por Pol\u00edcia Federal, CGU (Controladoria-Geral da Uni\u00e3o), Receita Federal e MP-MS (Minist\u00e9rio P\u00fablico Estadual).<\/p>\n","protected":false},"excerpt":{"rendered":"<p>J\u00e1 est\u00e1 na sede da Pol\u00edcia Federal de Campo Grande o ex-deputado federal e ex-secret\u00e1rio&#8230;<\/p>\n","protected":false},"author":1,"featured_media":0,"comment_status":"closed","ping_status":"closed","sticky":false,"template":"","format":"standard","meta":{"footnotes":""},"categories":[19],"tags":[],"class_list":["post-17004","post","type-post","status-publish","format-standard","hentry","category-politica"],"_links":{"self":[{"href":"https:\/\/www.corumbaonline.com.br\/news\/wp-json\/wp\/v2\/posts\/17004","targetHints":{"allow":["GET"]}}],"collection":[{"href":"https:\/\/www.corumbaonline.com.br\/news\/wp-json\/wp\/v2\/posts"}],"about":[{"href":"https:\/\/www.corumbaonline.com.br\/news\/wp-json\/wp\/v2\/types\/post"}],"author":[{"embeddable":true,"href":"https:\/\/www.corumbaonline.com.br\/news\/wp-json\/wp\/v2\/users\/1"}],"replies":[{"embeddable":true,"href":"https:\/\/www.corumbaonline.com.br\/news\/wp-json\/wp\/v2\/comments?post=17004"}],"version-history":[{"count":1,"href":"https:\/\/www.corumbaonline.com.br\/news\/wp-json\/wp\/v2\/posts\/17004\/revisions"}],"predecessor-version":[{"id":17005,"href":"https:\/\/www.corumbaonline.com.br\/news\/wp-json\/wp\/v2\/posts\/17004\/revisions\/17005"}],"wp:attachment":[{"href":"https:\/\/www.corumbaonline.com.br\/news\/wp-json\/wp\/v2\/media?parent=17004"}],"wp:term":[{"taxonomy":"category","embeddable":true,"href":"https:\/\/www.corumbaonline.com.br\/news\/wp-json\/wp\/v2\/categories?post=17004"},{"taxonomy":"post_tag","embeddable":true,"href":"https:\/\/www.corumbaonline.com.br\/news\/wp-json\/wp\/v2\/tags?post=17004"}],"curies":[{"name":"wp","href":"https:\/\/api.w.org\/{rel}","templated":true}]}}