{"id":17008,"date":"2018-05-08T16:15:02","date_gmt":"2018-05-08T20:15:02","guid":{"rendered":"http:\/\/www.corumbaonline.com.br\/news\/?p=17008"},"modified":"2018-05-08T16:06:05","modified_gmt":"2018-05-08T20:06:05","slug":"the-fevers-e-atracao-da-noite-da-seresta-em-homenagem-as-maes","status":"publish","type":"post","link":"https:\/\/www.corumbaonline.com.br\/news\/the-fevers-e-atracao-da-noite-da-seresta-em-homenagem-as-maes\/","title":{"rendered":"The Fevers \u00e9 atra\u00e7\u00e3o da Noite da Seresta em homenagem \u00e0s m\u00e3es"},"content":{"rendered":"<p>Em homenagem ao Dia das M\u00e3es, a Prefeitura de Corumb\u00e1, por meio da Funda\u00e7\u00e3o da Cultura e do Patrim\u00f4nio Hist\u00f3rico de Corumb\u00e1, promove a Noite da Seresta Especial na sexta-feira, 11 de maio, no Jardim da Independ\u00eancia, a partir das 19h30. A principal atra\u00e7\u00e3o ser\u00e1 a banda The Fevers.<\/p>\n<p>&nbsp;<\/p>\n<p>A Noite da Seresta em homenagem \u00e0s m\u00e3es contar\u00e1 tamb\u00e9m com artistas locais. O evento ter\u00e1 apresenta\u00e7\u00f5es da RT Banda Show e Banda Destak acompanhando os m\u00fasicos Wender Silva e Braguinha.<\/p>\n<p><strong>The Fevers<\/strong><\/p>\n<p>&nbsp;<\/p>\n<p>Influenciados por Elvis, Beatles e Rolling Stones, a Banda The Fevers iniciou suas atividades musicais no Col\u00e9gio entre amigos em 1965, na zona norte do Rio de Janeiro. Foram convidados a acompanhar musicalmente as principais estrelas brasileiras do movimento que se espalhava por todo o mundo, o chamado Rock n\u2019 Roll, no qual no Brasil, os Fevers tiveram grande participa\u00e7\u00e3o e import\u00e2ncia, foram contratados para atuar no principal programa jovem em rede nacional de TV da \u00e9poca, a \u201cJovem Guarda\u201d, apresentado por Roberto Carlos, Erasmo Carlos e Wanderl\u00e9a.<\/p>\n<p>&nbsp;<\/p>\n<p>O nome da banda surgiu inspirado em um sucesso de Elvis Presley \u2013 \u201cFever\u201d. Destacaram-se gravando grandes vers\u00f5es de sucessos internacionais, acompanhando a evolu\u00e7\u00e3o do mercado musical, mantendo a pegada de rock n\u2019roll que os lan\u00e7ou. Ao longo de quatro d\u00e9cadas de estrada o volume de sucessos da banda s\u00f3 \u00e9 compar\u00e1vel no Brasil a Mega Stars. S\u00e3o mais de 50 lan\u00e7amentos e um grande n\u00famero de compila\u00e7\u00f5es (entre vinil, fitas cassete, CDs e DVD), uma vendagem superior a 13 milh\u00f5es de copias efetivamente vendidas.<\/p>\n","protected":false},"excerpt":{"rendered":"<p>Em homenagem ao Dia das M\u00e3es, a Prefeitura de Corumb\u00e1, por meio da Funda\u00e7\u00e3o da&#8230;<\/p>\n","protected":false},"author":1,"featured_media":17009,"comment_status":"closed","ping_status":"closed","sticky":false,"template":"","format":"standard","meta":{"footnotes":""},"categories":[7],"tags":[],"class_list":["post-17008","post","type-post","status-publish","format-standard","has-post-thumbnail","hentry","category-cultura"],"_links":{"self":[{"href":"https:\/\/www.corumbaonline.com.br\/news\/wp-json\/wp\/v2\/posts\/17008","targetHints":{"allow":["GET"]}}],"collection":[{"href":"https:\/\/www.corumbaonline.com.br\/news\/wp-json\/wp\/v2\/posts"}],"about":[{"href":"https:\/\/www.corumbaonline.com.br\/news\/wp-json\/wp\/v2\/types\/post"}],"author":[{"embeddable":true,"href":"https:\/\/www.corumbaonline.com.br\/news\/wp-json\/wp\/v2\/users\/1"}],"replies":[{"embeddable":true,"href":"https:\/\/www.corumbaonline.com.br\/news\/wp-json\/wp\/v2\/comments?post=17008"}],"version-history":[{"count":1,"href":"https:\/\/www.corumbaonline.com.br\/news\/wp-json\/wp\/v2\/posts\/17008\/revisions"}],"predecessor-version":[{"id":17010,"href":"https:\/\/www.corumbaonline.com.br\/news\/wp-json\/wp\/v2\/posts\/17008\/revisions\/17010"}],"wp:featuredmedia":[{"embeddable":true,"href":"https:\/\/www.corumbaonline.com.br\/news\/wp-json\/wp\/v2\/media\/17009"}],"wp:attachment":[{"href":"https:\/\/www.corumbaonline.com.br\/news\/wp-json\/wp\/v2\/media?parent=17008"}],"wp:term":[{"taxonomy":"category","embeddable":true,"href":"https:\/\/www.corumbaonline.com.br\/news\/wp-json\/wp\/v2\/categories?post=17008"},{"taxonomy":"post_tag","embeddable":true,"href":"https:\/\/www.corumbaonline.com.br\/news\/wp-json\/wp\/v2\/tags?post=17008"}],"curies":[{"name":"wp","href":"https:\/\/api.w.org\/{rel}","templated":true}]}}