{"id":17069,"date":"2018-05-09T17:42:31","date_gmt":"2018-05-09T21:42:31","guid":{"rendered":"http:\/\/www.corumbaonline.com.br\/news\/?p=17069"},"modified":"2018-05-09T18:14:55","modified_gmt":"2018-05-09T22:14:55","slug":"lancada-hoje-campanha-ja-objetiva-status-de-area-livre-de-aftosa-sem-vacinacao-para-ms","status":"publish","type":"post","link":"https:\/\/www.corumbaonline.com.br\/news\/lancada-hoje-campanha-ja-objetiva-status-de-area-livre-de-aftosa-sem-vacinacao-para-ms\/","title":{"rendered":"Lan\u00e7ada hoje, campanha j\u00e1 objetiva status de \u00e1rea livre de aftosa sem vacina\u00e7\u00e3o para MS"},"content":{"rendered":"<p>O lan\u00e7amento da campanha de vacina\u00e7\u00e3o contra a febre aftosa deste ano, aconteceu na manh\u00e3 desta quarta-feira (9.5) na fazenda Embriza Biotecnologia, em Campo Grande, e teve o simbolismo de contagem regressiva de um evento que pode estar perto da extin\u00e7\u00e3o.\u00a0Em sendo cumpridas todas as etapas exigidas pela Organiza\u00e7\u00e3o Mundial de Sa\u00fade Animal (OIE), Mato Grosso do Sul \u2013 e tamb\u00e9m todo o Pa\u00eds \u2013 estar\u00e1 dispensado de vacinar o rebanho contra a doen\u00e7a a partir de 2023.<\/p>\n<p>Neste m\u00eas a OIE vai conceder ao Brasil o Certificado de \u00c1rea Livre da Aftosa com Vacina\u00e7\u00e3o, coroando um trabalho que se estende desde 2006, quando ocorreu o \u00faltimo foco da doen\u00e7a em Mato Grosso do Sul. O secret\u00e1rio de Estado Jaime Verruck, da Semagro (pasta que re\u00fane Meio Ambiente, Desenvolvimento Econ\u00f4mico, Produ\u00e7\u00e3o e Agricultura Familiar), lembrou do longo caminho percorrido nesses 12 anos, do investimento p\u00fablico feito pelo Governo do Estado e tamb\u00e9m da atua\u00e7\u00e3o firme dos pecuaristas, dos profissionais da \u00e1rea e dos agentes de fiscaliza\u00e7\u00e3o tanto estaduais quanto federais, para debelar o v\u00edrus e impedir que um caso isolado se transformasse em trag\u00e9dia econ\u00f4mica nacional.<\/p>\n<div id=\"attachment_222237\" class=\"wp-caption alignright\"><img loading=\"lazy\" decoding=\"async\" class=\"wp-image-222237 \" src=\"http:\/\/www.ms.gov.br\/wp-content\/uploads\/sites\/150\/2018\/05\/Lan%C3%A7amento-da-campanha-de-vacina%C3%A7%C3%A3o-contra-a-Aftosa-Foto-Denilson-Secreta-6-300x200.jpg\" sizes=\"auto, (max-width: 363px) 100vw, 363px\" srcset=\"http:\/\/www.ms.gov.br\/wp-content\/uploads\/sites\/150\/2018\/05\/Lan\u00e7amento-da-campanha-de-vacina\u00e7\u00e3o-contra-a-Aftosa-Foto-Denilson-Secreta-6-300x200.jpg 300w, http:\/\/www.ms.gov.br\/wp-content\/uploads\/sites\/150\/2018\/05\/Lan\u00e7amento-da-campanha-de-vacina\u00e7\u00e3o-contra-a-Aftosa-Foto-Denilson-Secreta-6-768x512.jpg 768w, http:\/\/www.ms.gov.br\/wp-content\/uploads\/sites\/150\/2018\/05\/Lan\u00e7amento-da-campanha-de-vacina\u00e7\u00e3o-contra-a-Aftosa-Foto-Denilson-Secreta-6-1024x682.jpg 1024w\" alt=\"\" width=\"363\" height=\"243\" \/><\/p>\n<p class=\"wp-caption-text\"><em>O rebanho de MS soma 21 milh\u00f5es de cabe\u00e7as de bovinos e bubalinos e a meta \u00e9 vacinar 99% dos animais.<\/em><\/p>\n<\/div>\n<p>\u201cDaqui pra frente \u00e9 fundamental mantermos a vigil\u00e2ncia, sobretudo na regi\u00e3o de fronteira, considerada Zona de Alta Vigil\u00e2ncia. Temos a no\u00e7\u00e3o de nossa responsabilidade e da import\u00e2ncia de Mato Grosso do Sul para todo o Pa\u00eds nessa luta para manter a sanidade do rebanho bovino\u201d, afirmou. \u201cEstamos caminhando para essa nova conquista, e isso requer uma altera\u00e7\u00e3o de estrat\u00e9gia, nova metodologia, refor\u00e7o na vigil\u00e2ncia. Estamos preparados\u201d, prosseguiu.<\/p>\n<p><strong>A campanha<\/strong><\/p>\n<p>A Campanha contra a febre aftosa em Mato Grosso do Sul come\u00e7ou oficialmente dia 1\u00ba e se estende at\u00e9 o dia 31 de maio nas regi\u00f5es de Planalto e Fronteira. No Pantanal, devido a especificidades locais, o prazo foi estendido at\u00e9 15 de junho. O rebanho do Estado soma 21 milh\u00f5es de cabe\u00e7as de bovinos e bubalinos e a meta do Governo \u00e9 vacinar 99% dos animais, embora a exig\u00eancia dos \u00f3rg\u00e3os sanit\u00e1rios seja atingir no m\u00ednimo 80%.<\/p>\n<p>O diretor presidente da Ag\u00eancia Estadual de Vigil\u00e2ncia Sanit\u00e1ria Animal e Vegetal (Iagro), Luciano Chiochetta, estima que na primeira quinzena da Campanha, entre 30% a 40% do rebanho j\u00e1 seja imunizado. A vacina garante cobertura contra a doen\u00e7a por um ano; ap\u00f3s aplicar a vacina, o propriet\u00e1rio rural precisa informar \u00e0 Iagro pelo\u00a0<a href=\"http:\/\/www.iagro.ms.gov.br\/\" target=\"_blank\" rel=\"noopener noreferrer\">site<\/a>\u00a0da Ag\u00eancia. O prazo final para fazer esse comunicado \u00e9 at\u00e9 dia 15 de junho no Planalto e na regi\u00e3o de Fronteira e at\u00e9 dia 2 de julho para os propriet\u00e1rios rurais estabelecidos no Pantanal.<\/p>\n<div id=\"attachment_222241\" class=\"wp-caption alignnone\"><a href=\"http:\/\/www.ms.gov.br\/wp-content\/uploads\/sites\/150\/2018\/05\/Lan%C3%A7amento-da-campanha-de-vacina%C3%A7%C3%A3o-contra-a-Aftosa-Foto-Denilson-Secreta-33.jpg\"><img loading=\"lazy\" decoding=\"async\" class=\"wp-image-222241 size-large\" src=\"http:\/\/www.ms.gov.br\/wp-content\/uploads\/sites\/150\/2018\/05\/Lan%C3%A7amento-da-campanha-de-vacina%C3%A7%C3%A3o-contra-a-Aftosa-Foto-Denilson-Secreta-33-1024x613.jpg\" sizes=\"auto, (max-width: 1024px) 100vw, 1024px\" srcset=\"http:\/\/www.ms.gov.br\/wp-content\/uploads\/sites\/150\/2018\/05\/Lan\u00e7amento-da-campanha-de-vacina\u00e7\u00e3o-contra-a-Aftosa-Foto-Denilson-Secreta-33-1024x613.jpg 1024w, http:\/\/www.ms.gov.br\/wp-content\/uploads\/sites\/150\/2018\/05\/Lan\u00e7amento-da-campanha-de-vacina\u00e7\u00e3o-contra-a-Aftosa-Foto-Denilson-Secreta-33-300x180.jpg 300w, http:\/\/www.ms.gov.br\/wp-content\/uploads\/sites\/150\/2018\/05\/Lan\u00e7amento-da-campanha-de-vacina\u00e7\u00e3o-contra-a-Aftosa-Foto-Denilson-Secreta-33-768x460.jpg 768w\" alt=\"\" width=\"1024\" height=\"613\" \/><\/a><\/p>\n<p class=\"wp-caption-text\"><em>A OIE vai conceder ao Brasil o Certificado de \u00c1rea Livre da Aftosa com Vacina\u00e7\u00e3o, coroando um trabalho que se estende desde 2006.<\/em><\/p>\n<\/div>\n<p>No entender de Jaime Verruck, \u00e9 fundamental que o Estado mantenha o \u00edndice de cobertura vacinal para os pr\u00f3ximos anos e, se poss\u00edvel, chegue aos 100%, o que vai transmitir seguran\u00e7a aos organismos sanit\u00e1rios internacionais a respeito do trabalho desenvolvido e convencer as autoridades da erradica\u00e7\u00e3o do v\u00edrus, portanto, possibilitando a suspens\u00e3o da vacina. Isso pode ocorrer j\u00e1 a partir de 2021, com o Certificado de \u00c1rea Livre da Aftosa sem vacina\u00e7\u00e3o sendo emitido dois anos ap\u00f3s.<\/p>\n<p>Na ocasi\u00e3o foi assinado Termo de Coopera\u00e7\u00e3o entre Iagro e Conselho Regional de Medicina Veterin\u00e1ria (CRMV) visando \u201ca conjuga\u00e7\u00e3o de esfor\u00e7os para estabelecer o interc\u00e2mbio de informa\u00e7\u00f5es de interesse rec\u00edproco com vistas ao aperfei\u00e7oamento das atividades de fiscaliza\u00e7\u00e3o de empresas (\u2026) que desempenhem atividades relacionadas com a produ\u00e7\u00e3o de produtos de origem animal, laborat\u00f3rio de diagn\u00f3sticos veterin\u00e1rios e demais empresas da \u00e1rea de biotecnologia da reprodu\u00e7\u00e3o animal\u201d.<\/p>\n<p><strong>Neg\u00f3cios<\/strong><\/p>\n<p>Esse reconhecimento amplia o leque de oportunidades de neg\u00f3cios com a carne bovina do Brasil, que hoje j\u00e1 chega a 150 pa\u00edses. O titular da Semagro lembra que Mato Grosso do Sul tem um rebanho altamente produtivo (reduziu em dois milh\u00f5es de hectares a \u00e1rea de pastagem, mas mant\u00e9m o volume de abate), \u00e9 l\u00edder no abate de bezerro com at\u00e9 24 meses de idade e tem carne de qualidade comprovada.\u00a0A retirada da vacina\u00e7\u00e3o contra aftosa agrega valor e abre novos mercados \u00e0 carne sul-mato-grossense, assegurou o secret\u00e1rio, motivo que leva a classe produtora a aderir maci\u00e7amente \u00e0 campanha.<\/p>\n<div id=\"attachment_222242\" class=\"wp-caption alignleft\"><img loading=\"lazy\" decoding=\"async\" class=\"wp-image-222242 \" src=\"http:\/\/www.ms.gov.br\/wp-content\/uploads\/sites\/150\/2018\/05\/Lan%C3%A7amento-da-campanha-de-vacina%C3%A7%C3%A3o-contra-a-Aftosa-Foto-Denilson-Secreta-22-300x194.jpg\" sizes=\"auto, (max-width: 362px) 100vw, 362px\" srcset=\"http:\/\/www.ms.gov.br\/wp-content\/uploads\/sites\/150\/2018\/05\/Lan\u00e7amento-da-campanha-de-vacina\u00e7\u00e3o-contra-a-Aftosa-Foto-Denilson-Secreta-22-300x194.jpg 300w, http:\/\/www.ms.gov.br\/wp-content\/uploads\/sites\/150\/2018\/05\/Lan\u00e7amento-da-campanha-de-vacina\u00e7\u00e3o-contra-a-Aftosa-Foto-Denilson-Secreta-22-768x496.jpg 768w, http:\/\/www.ms.gov.br\/wp-content\/uploads\/sites\/150\/2018\/05\/Lan\u00e7amento-da-campanha-de-vacina\u00e7\u00e3o-contra-a-Aftosa-Foto-Denilson-Secreta-22-1024x661.jpg 1024w\" alt=\"\" width=\"362\" height=\"234\" \/><\/p>\n<p class=\"wp-caption-text\"><em>Campanha de vacina\u00e7\u00e3o contra a febre aftosa deste ano.<\/em><\/p>\n<\/div>\n<p>Tamb\u00e9m participaram da solenidade o superintendente de Agricultura, Pecu\u00e1ria e Abastecimento em Mato Grosso do Sul, Celso Martins; o superintendente de Meio Ambiente e Agricultura Familiar da Semagro, Rog\u00e9rio Beretta; o presidente do CRMV, Jo\u00e3o Vieira; o presidente da Associa\u00e7\u00e3o de Criadores de Mato Grosso do Sul (Acrissul), Jonathan Barbosa; o presidente da Federa\u00e7\u00e3o de Agricultura de Mato Grosso do Sul (Famasul), Maur\u00edcio Saito; o presidente do Sindicato Rural de Campo Grande, Ruy Fachini, entre outros convidados.<\/p>\n","protected":false},"excerpt":{"rendered":"<p>O lan\u00e7amento da campanha de vacina\u00e7\u00e3o contra a febre aftosa deste ano, aconteceu na manh\u00e3&#8230;<\/p>\n","protected":false},"author":1,"featured_media":17070,"comment_status":"closed","ping_status":"closed","sticky":false,"template":"","format":"standard","meta":{"footnotes":""},"categories":[2],"tags":[],"class_list":["post-17069","post","type-post","status-publish","format-standard","has-post-thumbnail","hentry","category-agropecuaria"],"_links":{"self":[{"href":"https:\/\/www.corumbaonline.com.br\/news\/wp-json\/wp\/v2\/posts\/17069","targetHints":{"allow":["GET"]}}],"collection":[{"href":"https:\/\/www.corumbaonline.com.br\/news\/wp-json\/wp\/v2\/posts"}],"about":[{"href":"https:\/\/www.corumbaonline.com.br\/news\/wp-json\/wp\/v2\/types\/post"}],"author":[{"embeddable":true,"href":"https:\/\/www.corumbaonline.com.br\/news\/wp-json\/wp\/v2\/users\/1"}],"replies":[{"embeddable":true,"href":"https:\/\/www.corumbaonline.com.br\/news\/wp-json\/wp\/v2\/comments?post=17069"}],"version-history":[{"count":1,"href":"https:\/\/www.corumbaonline.com.br\/news\/wp-json\/wp\/v2\/posts\/17069\/revisions"}],"predecessor-version":[{"id":17071,"href":"https:\/\/www.corumbaonline.com.br\/news\/wp-json\/wp\/v2\/posts\/17069\/revisions\/17071"}],"wp:featuredmedia":[{"embeddable":true,"href":"https:\/\/www.corumbaonline.com.br\/news\/wp-json\/wp\/v2\/media\/17070"}],"wp:attachment":[{"href":"https:\/\/www.corumbaonline.com.br\/news\/wp-json\/wp\/v2\/media?parent=17069"}],"wp:term":[{"taxonomy":"category","embeddable":true,"href":"https:\/\/www.corumbaonline.com.br\/news\/wp-json\/wp\/v2\/categories?post=17069"},{"taxonomy":"post_tag","embeddable":true,"href":"https:\/\/www.corumbaonline.com.br\/news\/wp-json\/wp\/v2\/tags?post=17069"}],"curies":[{"name":"wp","href":"https:\/\/api.w.org\/{rel}","templated":true}]}}