{"id":17082,"date":"2018-05-10T08:17:34","date_gmt":"2018-05-10T12:17:34","guid":{"rendered":"http:\/\/www.corumbaonline.com.br\/news\/?p=17082"},"modified":"2018-05-10T08:25:06","modified_gmt":"2018-05-10T12:25:06","slug":"vereador-solicita-alteracao-em-estacionamento-para-ampliar-numero-de-vagas","status":"publish","type":"post","link":"https:\/\/www.corumbaonline.com.br\/news\/vereador-solicita-alteracao-em-estacionamento-para-ampliar-numero-de-vagas\/","title":{"rendered":"Vereador solicita altera\u00e7\u00e3o em estacionamento para ampliar n\u00famero de vagas"},"content":{"rendered":"<p><span style=\"color: #000000;\">O crescente aumento do n\u00famero de ve\u00edculos na cidade, e uma maior movimenta\u00e7\u00e3o comercial na regi\u00e3o, levaram o vereador Bira a solicitar da Prefeitura de Corumb\u00e1, altera\u00e7\u00f5es no estacionamento da Rua Dom Aquino, entre as ruas Sete de Setembro e Major Gama.<\/span><\/p>\n<p><span style=\"color: #000000;\">Segundo ele, \u00e9 preciso mudar o sistema atual, com ve\u00edculos estacionados paralelamente ao meio fio, para estacionamento transversal, o que permitir\u00e1 aumento de vagas, atendendo as necessidades dos comerciantes da regi\u00e3o, bem como dos pr\u00f3prios motoristas que encontram dificuldades em estacionar no local.<\/span><\/p>\n<p><span style=\"color: #000000;\">O pedido foi encaminhado ao diretor-executivo da Agetrat, Cleiton Douglas da Silva. Nele, Bira sugere estudos nesse sentido, sem preju\u00edzo aos locais com faixa amarela devido aos pontos de \u00f4nibus e t\u00e1xis.\u00a0\u00a0\u00a0\u00a0\u00a0\u00a0\u00a0\u00a0\u00a0\u00a0\u00a0\u00a0<\/span><\/p>\n<p><span style=\"color: #000000;\">\u201cNaquele trecho o estacionamento \u00e9 feito de forma paralela ao meio fio, diminuindo significativamente o n\u00famero de vagas. Por ser uma rua larga e de grande movimento comercial, o estacionamento transversal propiciar\u00e1 um maior n\u00famero de vagas, dando mais comodidade aos comerciantes daquela regi\u00e3o e aos mun\u00edcipes de maneira geral\u201d, explicou.<\/span><\/p>\n<p><span style=\"color: #000000;\">J\u00e1 ao secret\u00e1rio de Infraestrutura e Servi\u00e7os P\u00fablicos, Ricardo Ametlla, o vereador solicita servi\u00e7os de manuten\u00e7\u00e3o na ilumina\u00e7\u00e3o p\u00fablica da Rua Geraldino Martins de Barros, entre as ruas Cuiab\u00e1 e Dom Aquino, na regi\u00e3o central de Corumb\u00e1.<\/span><\/p>\n","protected":false},"excerpt":{"rendered":"<p>O crescente aumento do n\u00famero de ve\u00edculos na cidade, e uma maior movimenta\u00e7\u00e3o comercial na&#8230;<\/p>\n","protected":false},"author":1,"featured_media":17083,"comment_status":"closed","ping_status":"closed","sticky":false,"template":"","format":"standard","meta":{"footnotes":""},"categories":[19],"tags":[],"class_list":["post-17082","post","type-post","status-publish","format-standard","has-post-thumbnail","hentry","category-politica"],"_links":{"self":[{"href":"https:\/\/www.corumbaonline.com.br\/news\/wp-json\/wp\/v2\/posts\/17082","targetHints":{"allow":["GET"]}}],"collection":[{"href":"https:\/\/www.corumbaonline.com.br\/news\/wp-json\/wp\/v2\/posts"}],"about":[{"href":"https:\/\/www.corumbaonline.com.br\/news\/wp-json\/wp\/v2\/types\/post"}],"author":[{"embeddable":true,"href":"https:\/\/www.corumbaonline.com.br\/news\/wp-json\/wp\/v2\/users\/1"}],"replies":[{"embeddable":true,"href":"https:\/\/www.corumbaonline.com.br\/news\/wp-json\/wp\/v2\/comments?post=17082"}],"version-history":[{"count":1,"href":"https:\/\/www.corumbaonline.com.br\/news\/wp-json\/wp\/v2\/posts\/17082\/revisions"}],"predecessor-version":[{"id":17084,"href":"https:\/\/www.corumbaonline.com.br\/news\/wp-json\/wp\/v2\/posts\/17082\/revisions\/17084"}],"wp:featuredmedia":[{"embeddable":true,"href":"https:\/\/www.corumbaonline.com.br\/news\/wp-json\/wp\/v2\/media\/17083"}],"wp:attachment":[{"href":"https:\/\/www.corumbaonline.com.br\/news\/wp-json\/wp\/v2\/media?parent=17082"}],"wp:term":[{"taxonomy":"category","embeddable":true,"href":"https:\/\/www.corumbaonline.com.br\/news\/wp-json\/wp\/v2\/categories?post=17082"},{"taxonomy":"post_tag","embeddable":true,"href":"https:\/\/www.corumbaonline.com.br\/news\/wp-json\/wp\/v2\/tags?post=17082"}],"curies":[{"name":"wp","href":"https:\/\/api.w.org\/{rel}","templated":true}]}}