{"id":17100,"date":"2018-05-10T09:31:13","date_gmt":"2018-05-10T13:31:13","guid":{"rendered":"http:\/\/www.corumbaonline.com.br\/news\/?p=17100"},"modified":"2018-05-10T09:45:53","modified_gmt":"2018-05-10T13:45:53","slug":"instituida-a-semana-estadual-de-colaboracao-as-instituicoes-assistenciais","status":"publish","type":"post","link":"https:\/\/www.corumbaonline.com.br\/news\/instituida-a-semana-estadual-de-colaboracao-as-instituicoes-assistenciais\/","title":{"rendered":"Institu\u00edda a Semana Estadual de Colabora\u00e7\u00e3o \u00e0s Institui\u00e7\u00f5es Assistenciais"},"content":{"rendered":"<p>Foi publicada no Di\u00e1rio Oficial desta quinta-feira (10), a Lei 5.191, de autoria da deputada Grazielle Machado (PSD), que institui a Semana Estadual de Incentivo e Colabora\u00e7\u00e3o \u00e0s Institui\u00e7\u00f5es Filantr\u00f3picas, Assistenciais e\/ou Cong\u00eaneres, a ser realizada em Mato Grosso do Sul, na segunda quinzena do m\u00eas de mar\u00e7o.<\/p>\n<p>O objetivo, de acordo com a parlamentar, \u00e9 realizar campanhas para angariar recursos e fundos para as entidades filantr\u00f3picas e assistenciais. De acordo com a nova lei, durante a semana ser\u00e3o realizadas campanhas, palestras e eventos e os valores obtidos dever\u00e3o ser distribu\u00eddos \u00e0s institui\u00e7\u00f5es previamente inscritas.<\/p>\n<p>As a\u00e7\u00f5es poder\u00e3o ser subsidiadas com recursos provenientes da celebra\u00e7\u00e3o de parceria e conv\u00eanios entre institui\u00e7\u00f5es privadas e o Poder P\u00fablico. O Poder Legislativo criar\u00e1 uma comiss\u00e3o organizadora, que poder\u00e1 contar com representantes do Governo do Estado, do Minist\u00e9rio P\u00fablico e da sociedade civil organizada.<\/p>\n<p>\u201cAs entidades filantr\u00f3picas preenchem uma lacuna que o primeiro e segundo setor nem sempre conseguem realizar, por meio dos trabalhos assistenciais que prestam a popula\u00e7\u00e3o. Elas desempenham um papel importante em defesa da dignidade e qualidade de vida dos mais necessitados em todos os segmentos. Precisamos unir for\u00e7as e colaborar com os servi\u00e7os oferecidos por estas institui\u00e7\u00f5es\u201d, destacou a deputada.<\/p>\n","protected":false},"excerpt":{"rendered":"<p>Foi publicada no Di\u00e1rio Oficial desta quinta-feira (10), a Lei 5.191, de autoria da deputada&#8230;<\/p>\n","protected":false},"author":1,"featured_media":0,"comment_status":"closed","ping_status":"closed","sticky":false,"template":"","format":"standard","meta":{"footnotes":""},"categories":[19],"tags":[],"class_list":["post-17100","post","type-post","status-publish","format-standard","hentry","category-politica"],"_links":{"self":[{"href":"https:\/\/www.corumbaonline.com.br\/news\/wp-json\/wp\/v2\/posts\/17100","targetHints":{"allow":["GET"]}}],"collection":[{"href":"https:\/\/www.corumbaonline.com.br\/news\/wp-json\/wp\/v2\/posts"}],"about":[{"href":"https:\/\/www.corumbaonline.com.br\/news\/wp-json\/wp\/v2\/types\/post"}],"author":[{"embeddable":true,"href":"https:\/\/www.corumbaonline.com.br\/news\/wp-json\/wp\/v2\/users\/1"}],"replies":[{"embeddable":true,"href":"https:\/\/www.corumbaonline.com.br\/news\/wp-json\/wp\/v2\/comments?post=17100"}],"version-history":[{"count":1,"href":"https:\/\/www.corumbaonline.com.br\/news\/wp-json\/wp\/v2\/posts\/17100\/revisions"}],"predecessor-version":[{"id":17101,"href":"https:\/\/www.corumbaonline.com.br\/news\/wp-json\/wp\/v2\/posts\/17100\/revisions\/17101"}],"wp:attachment":[{"href":"https:\/\/www.corumbaonline.com.br\/news\/wp-json\/wp\/v2\/media?parent=17100"}],"wp:term":[{"taxonomy":"category","embeddable":true,"href":"https:\/\/www.corumbaonline.com.br\/news\/wp-json\/wp\/v2\/categories?post=17100"},{"taxonomy":"post_tag","embeddable":true,"href":"https:\/\/www.corumbaonline.com.br\/news\/wp-json\/wp\/v2\/tags?post=17100"}],"curies":[{"name":"wp","href":"https:\/\/api.w.org\/{rel}","templated":true}]}}