{"id":17138,"date":"2018-05-10T15:36:51","date_gmt":"2018-05-10T19:36:51","guid":{"rendered":"http:\/\/www.corumbaonline.com.br\/news\/?p=17138"},"modified":"2018-05-10T15:53:12","modified_gmt":"2018-05-10T19:53:12","slug":"com-articulacao-do-governo-porto-de-ladario-inicia-exportacoes-de-commodities","status":"publish","type":"post","link":"https:\/\/www.corumbaonline.com.br\/news\/com-articulacao-do-governo-porto-de-ladario-inicia-exportacoes-de-commodities\/","title":{"rendered":"Com articula\u00e7\u00e3o do Governo, porto de Lad\u00e1rio inicia exporta\u00e7\u00f5es de commodities"},"content":{"rendered":"<p>Nesta semana Mato Grosso do Sul ganhou mais um modal log\u00edstico para exporta\u00e7\u00e3o de commodities, com o carregamento de soja para a Argentina pelo porto do munic\u00edpio de Lad\u00e1rio. O primeiro embarque transportou 33 mil toneladas pela hidrovia, volume que precisaria de 825 caminh\u00f5es nas estradas.<\/p>\n<p>A alternativa log\u00edstica\u00a0que passa a\u00a0facilitar a exporta\u00e7\u00e3o de gr\u00e3os sul-mato-grossenses, se deve aos esfor\u00e7os do Governo do Estado\u00a0de gerar desenvolvimento com competitividade. Em 2015, decreto estadual criou uma zona especial de commodities, beneficiando produtores interessados a exportar pelos portos do Estado.<\/p>\n<div id=\"attachment_31171\" class=\"wp-caption alignright\"><a href=\"http:\/\/www.semagro.ms.gov.br\/wp-content\/uploads\/sites\/157\/2018\/05\/3-1.jpg\" rel=\"attachment wp-att-31171\"><img loading=\"lazy\" decoding=\"async\" class=\"wp-image-31171 \" src=\"http:\/\/www.semagro.ms.gov.br\/wp-content\/uploads\/sites\/157\/2018\/05\/3-1-300x200.jpg\" alt=\"\" width=\"279\" height=\"186\" \/><\/a><\/p>\n<p class=\"wp-caption-text\"><em>O terminal multimodal pertencente \u00e0 Granel\u00a0Qu\u00edmica e existe desde 1990.<\/em><\/p>\n<\/div>\n<p>O primeiro beneficiado foi Porto Murtinho, com a reativa\u00e7\u00e3o do\u00a0porto. Mas, ao chegar em sua capacidade plena, outras possibilidades come\u00e7aram a ser criadas. Sendo a hidrovia do rio Paraguai o modal mais vi\u00e1vel e a safra de soja recorde, a exporta\u00e7\u00e3o por Lad\u00e1rio se torna uma nova oportunidade de mercado com log\u00edstica.<\/p>\n<p>Titular da Secretaria de Estado de Meio Ambiente, Desenvolvimento Econ\u00f4mico, Produ\u00e7\u00e3o e Agricultura Familiar (Semagro), o secret\u00e1rio Jaime Verruck afirma que criar alternativas log\u00edsticas \u00e9 uma das miss\u00f5es do Governo do Estado. \u201cTrabalhamos desde o in\u00edcio do Governo para gerar desenvolvimento com competitividade e as articula\u00e7\u00f5es log\u00edsticas, principalmente pela hidrovia, s\u00e3o fundamentais\u201d.<\/p>\n<p>O terminal multimodal pertencente \u00e0 Granel\u00a0Qu\u00edmica, existe desde 1990 e, al\u00e9m dos gr\u00e3os, atua com exporta\u00e7\u00e3o de dois milh\u00f5es de toneladas\/ano de min\u00e9rios (ferro e mangan\u00eas) e importa\u00e7\u00e3o de 100 mil m\u00b3 de combust\u00edveis (diesel, gasolina e \u00e1lcool). A retomada na exporta\u00e7\u00e3o de soja acontece ap\u00f3s cinco anos suspensa, gra\u00e7as a uma s\u00e9rie de fatores que beneficiaram os produtores do Estado.<\/p>\n<div id=\"attachment_31170\" class=\"wp-caption alignleft\"><a href=\"http:\/\/www.semagro.ms.gov.br\/wp-content\/uploads\/sites\/157\/2018\/05\/2-1.jpg\" rel=\"attachment wp-att-31170\"><img loading=\"lazy\" decoding=\"async\" class=\"wp-image-31170 \" src=\"http:\/\/www.semagro.ms.gov.br\/wp-content\/uploads\/sites\/157\/2018\/05\/2-1-300x200.jpg\" alt=\"\" width=\"286\" height=\"191\" \/><\/a><\/p>\n<p class=\"wp-caption-text\"><em>A alternativa log\u00edstica\u00a0que passa a\u00a0facilitar a exporta\u00e7\u00e3o de gr\u00e3os sul-mato-grossenses, deve-se aos esfor\u00e7os do Governo de MS.<\/em><\/p>\n<\/div>\n<p>Ronald Smith, gerente financeiro do Grupo, afirma que o terminal tem capacidade fixa para armazenar 48 mil toneladas de gr\u00e3os, mas dependendo da log\u00edstica de chegada e sa\u00edda da soja, \u00e9 poss\u00edvel exportar seis milh\u00f5es de toneladas ao ano.\u00a0 \u201cA quebra de safra da Argentina e a safra recorde brasileira, al\u00e9m do incentivo do Governo do Estado para os produtores interessados em exportar por aqui, culminaram na retomada das exporta\u00e7\u00f5es\u201d.<\/p>\n<p>Em cada viagem rumo \u00e0 Argentina, o rebocador com 16 barca\u00e7as tem capacidade para transportar 33 mil toneladas de soja pelo rio Paraguai, com nove funcion\u00e1rios a bordo. Para a mesma quantia, seriam necess\u00e1rios 825 caminh\u00f5es rodando pelas rodovias, com 40 toneladas cada.<\/p>\n<p>A carga foi comprada pelo grupo argentino Vicentin, que far\u00e1 o beneficiamento do gr\u00e3o para produzir \u00f3leo de soja. O diretor Peter J. Graham explica que o cen\u00e1rio favoreceu a aquisi\u00e7\u00e3o de soja sul-mato-grossense e os portos s\u00e3o fundamentais para que o escoamento da produ\u00e7\u00e3o com pre\u00e7os competitivos, seja eficiente. \u201cNeste ano vamos comprar 500 mil toneladas de soja do Estado, gra\u00e7as ao pre\u00e7o e as facilidades na log\u00edstica\u201d.<\/p>\n<div id=\"attachment_31172\" class=\"wp-caption alignright\"><a href=\"http:\/\/www.semagro.ms.gov.br\/wp-content\/uploads\/sites\/157\/2018\/05\/5.jpg\" rel=\"attachment wp-att-31172\"><img loading=\"lazy\" decoding=\"async\" class=\"wp-image-31172 size-medium\" src=\"http:\/\/www.semagro.ms.gov.br\/wp-content\/uploads\/sites\/157\/2018\/05\/5-300x200.jpg\" alt=\"\" width=\"300\" height=\"200\" \/><\/a><\/p>\n<p class=\"wp-caption-text\"><em>A retomada na exporta\u00e7\u00e3o de soja acontece ap\u00f3s cinco anos suspensa.<\/em><\/p>\n<\/div>\n<p>O primeiro carregamento de soja para a Argentina pertence ao\u00a0Grupo BR PEC e foi negociado pela Grannos Corretora. A princ\u00edpio, est\u00e3o sendo comercializados gr\u00e3os de propriedades pr\u00f3ximas de Lad\u00e1rio, entre 200 e 300 km, para manter o frete em valores competitivos ao mercado externo e interno.<\/p>\n<p>Adriano Sarassene, diretor de Agricultura da BR PEC, afirma que com a abertura do porto de L\u00e1dario tamb\u00e9m se iniciou um novo mercado de vendas para o grupo. \u201cAntes, nossa soja s\u00f3 ia para outros pa\u00edses como China, pelo porto de Santos, agora temos a oportunidade de exportar para outro cliente e muito mais f\u00e1cil\u201d.<\/p>\n","protected":false},"excerpt":{"rendered":"<p>Nesta semana Mato Grosso do Sul ganhou mais um modal log\u00edstico para exporta\u00e7\u00e3o de commodities,&#8230;<\/p>\n","protected":false},"author":1,"featured_media":17139,"comment_status":"closed","ping_status":"closed","sticky":false,"template":"","format":"standard","meta":{"footnotes":""},"categories":[8,9],"tags":[],"class_list":["post-17138","post","type-post","status-publish","format-standard","has-post-thumbnail","hentry","category-destaque","category-economia"],"_links":{"self":[{"href":"https:\/\/www.corumbaonline.com.br\/news\/wp-json\/wp\/v2\/posts\/17138","targetHints":{"allow":["GET"]}}],"collection":[{"href":"https:\/\/www.corumbaonline.com.br\/news\/wp-json\/wp\/v2\/posts"}],"about":[{"href":"https:\/\/www.corumbaonline.com.br\/news\/wp-json\/wp\/v2\/types\/post"}],"author":[{"embeddable":true,"href":"https:\/\/www.corumbaonline.com.br\/news\/wp-json\/wp\/v2\/users\/1"}],"replies":[{"embeddable":true,"href":"https:\/\/www.corumbaonline.com.br\/news\/wp-json\/wp\/v2\/comments?post=17138"}],"version-history":[{"count":1,"href":"https:\/\/www.corumbaonline.com.br\/news\/wp-json\/wp\/v2\/posts\/17138\/revisions"}],"predecessor-version":[{"id":17140,"href":"https:\/\/www.corumbaonline.com.br\/news\/wp-json\/wp\/v2\/posts\/17138\/revisions\/17140"}],"wp:featuredmedia":[{"embeddable":true,"href":"https:\/\/www.corumbaonline.com.br\/news\/wp-json\/wp\/v2\/media\/17139"}],"wp:attachment":[{"href":"https:\/\/www.corumbaonline.com.br\/news\/wp-json\/wp\/v2\/media?parent=17138"}],"wp:term":[{"taxonomy":"category","embeddable":true,"href":"https:\/\/www.corumbaonline.com.br\/news\/wp-json\/wp\/v2\/categories?post=17138"},{"taxonomy":"post_tag","embeddable":true,"href":"https:\/\/www.corumbaonline.com.br\/news\/wp-json\/wp\/v2\/tags?post=17138"}],"curies":[{"name":"wp","href":"https:\/\/api.w.org\/{rel}","templated":true}]}}