{"id":17164,"date":"2018-05-11T09:29:07","date_gmt":"2018-05-11T13:29:07","guid":{"rendered":"http:\/\/www.corumbaonline.com.br\/news\/?p=17164"},"modified":"2018-05-11T09:52:45","modified_gmt":"2018-05-11T13:52:45","slug":"ms-tera-cadastro-da-pessoa-com-transtorno-do-espectro-do-autismo","status":"publish","type":"post","link":"https:\/\/www.corumbaonline.com.br\/news\/ms-tera-cadastro-da-pessoa-com-transtorno-do-espectro-do-autismo\/","title":{"rendered":"MS ter\u00e1 cadastro da pessoa com transtorno do espectro do autismo"},"content":{"rendered":"<p>Foi publicada no Di\u00e1rio Oficial desta sexta-feira (11), a Lei 5.192, de autoria da deputada Antonieta Amorim (PMDB), que disp\u00f5e sobre a institui\u00e7\u00e3o do Cadastro Estadual da Pessoa com Transtorno do Espectro do Autismo (TEA), com o objetivo de se obter o diagn\u00f3stico e o registro dos casos existentes no Estado, para formular as pol\u00edticas p\u00fablicas, especialmente nas \u00e1reas da educa\u00e7\u00e3o e sa\u00fade.<\/p>\n<p>O cadastro ser\u00e1 implantado e administrado pelo Poder Executivo, que poder\u00e1 firmar contrato ou celebrar conv\u00eanio com munic\u00edpios, entidades p\u00fablicas ou pessoas jur\u00eddicas de direito privado. Para o efeito da nova lei, a pessoa com o Transtorno do Espectro do Autismo possui defici\u00eancia marcada de comunica\u00e7\u00e3o verbal e n\u00e3o verbal usada para intera\u00e7\u00e3o social; aus\u00eancia de reciprocidade social; fal\u00eancia em manter rela\u00e7\u00f5es apropriadas ao seu n\u00edvel de desenvolvimento; padr\u00f5es restritivos e repetitivos de comportamentos, excessiva ader\u00eancia a rotinas e interesses restritos e fixos.<\/p>\n<p>O registro ser\u00e1 feito mediante a apresenta\u00e7\u00e3o do laudo de avalia\u00e7\u00e3o realizado por um especialista ou equipe multidisciplinar composta, preferencialmente, por neurologista, psic\u00f3logo, psiquiatra, fonoaudi\u00f3logo e assistente social. A pessoa cadastrada poder\u00e1 receber uma carteira de identifica\u00e7\u00e3o, com prazo de validade indeterminado, para que possa usufruir dos direitos previstos na Constitui\u00e7\u00e3o e no Estatuto da Pessoa com Defici\u00eancia.<\/p>\n<p>Crit\u00e9rios e procedimentos para a identifica\u00e7\u00e3o precoce das pessoas com TEA, a inclus\u00e3o no cadastro, assim como as entidades respons\u00e1veis pelos mecanismos de acesso aos dados ser\u00e3o definidos em regulamento.<\/p>\n","protected":false},"excerpt":{"rendered":"<p>Foi publicada no Di\u00e1rio Oficial desta sexta-feira (11), a Lei 5.192, de autoria da deputada&#8230;<\/p>\n","protected":false},"author":1,"featured_media":0,"comment_status":"closed","ping_status":"closed","sticky":false,"template":"","format":"standard","meta":{"footnotes":""},"categories":[19],"tags":[],"class_list":["post-17164","post","type-post","status-publish","format-standard","hentry","category-politica"],"_links":{"self":[{"href":"https:\/\/www.corumbaonline.com.br\/news\/wp-json\/wp\/v2\/posts\/17164","targetHints":{"allow":["GET"]}}],"collection":[{"href":"https:\/\/www.corumbaonline.com.br\/news\/wp-json\/wp\/v2\/posts"}],"about":[{"href":"https:\/\/www.corumbaonline.com.br\/news\/wp-json\/wp\/v2\/types\/post"}],"author":[{"embeddable":true,"href":"https:\/\/www.corumbaonline.com.br\/news\/wp-json\/wp\/v2\/users\/1"}],"replies":[{"embeddable":true,"href":"https:\/\/www.corumbaonline.com.br\/news\/wp-json\/wp\/v2\/comments?post=17164"}],"version-history":[{"count":1,"href":"https:\/\/www.corumbaonline.com.br\/news\/wp-json\/wp\/v2\/posts\/17164\/revisions"}],"predecessor-version":[{"id":17165,"href":"https:\/\/www.corumbaonline.com.br\/news\/wp-json\/wp\/v2\/posts\/17164\/revisions\/17165"}],"wp:attachment":[{"href":"https:\/\/www.corumbaonline.com.br\/news\/wp-json\/wp\/v2\/media?parent=17164"}],"wp:term":[{"taxonomy":"category","embeddable":true,"href":"https:\/\/www.corumbaonline.com.br\/news\/wp-json\/wp\/v2\/categories?post=17164"},{"taxonomy":"post_tag","embeddable":true,"href":"https:\/\/www.corumbaonline.com.br\/news\/wp-json\/wp\/v2\/tags?post=17164"}],"curies":[{"name":"wp","href":"https:\/\/api.w.org\/{rel}","templated":true}]}}