{"id":17170,"date":"2018-05-11T10:07:19","date_gmt":"2018-05-11T14:07:19","guid":{"rendered":"http:\/\/www.corumbaonline.com.br\/news\/?p=17170"},"modified":"2018-05-11T10:37:50","modified_gmt":"2018-05-11T14:37:50","slug":"vereador-pede-exame-para-saber-se-areia-do-jardim-esta-contaminada-pelo-bicho-geografico","status":"publish","type":"post","link":"https:\/\/www.corumbaonline.com.br\/news\/vereador-pede-exame-para-saber-se-areia-do-jardim-esta-contaminada-pelo-bicho-geografico\/","title":{"rendered":"Vereador pede exame para saber se areia do Jardim est\u00e1 contaminada pelo bicho-geogr\u00e1fico"},"content":{"rendered":"<p><span style=\"color: #000000;\">O vereador Paulo Bertini est\u00e1 solicitando \u00e0 Prefeitura, a realiza\u00e7\u00e3o de exames e medidas preventivas diante dos casos de crian\u00e7as contaminadas pela larva Migrans Cut\u00e2nea, ap\u00f3s contato com a areia do parque infantil localizado no Jardim da Independ\u00eancia.<\/span><\/p>\n<p><span style=\"color: #000000;\">A solicita\u00e7\u00e3o foi feita esta semana, durante sess\u00e3o da C\u00e2mara Municipal, quando Bertini apresentou requerimento endere\u00e7ado ao secret\u00e1rio de Sa\u00fade, Rog\u00e9rio Leite, e ao secret\u00e1rio de Infraestrutura e Servi\u00e7os P\u00fablicos, Ricardo Ametlla, pedindo que sejam feitos exames da areia, para saber se est\u00e1 realmente contaminada pela larva conhecida popularmente como bicho-geogr\u00e1fico.<\/span><\/p>\n<p><span style=\"color: #000000;\">\u201cRecebemos informa\u00e7\u00f5es sobre essa situa\u00e7\u00e3o, ap\u00f3s as crian\u00e7as terem tido contato com a areia do parquinho do Jardim. Por isso mesmo estamos solicitando que seja feita an\u00e1lise da areia, al\u00e9m de ado\u00e7\u00e3o de medidas necess\u00e1rias para preven\u00e7\u00e3o da doen\u00e7a, evitando surgimento de novos casos\u201d, explicou.<\/span><\/p>\n<p><span style=\"color: #000000;\">A larva \u00e9 transmitida pelas fezes de animais dom\u00e9sticos como c\u00e3es e gatos que, al\u00e9m do bicho-geogr\u00e1fico, podem transmitir outras doen\u00e7as. A preocupa\u00e7\u00e3o de Bertini \u00e9 justamente uma maior fiscaliza\u00e7\u00e3o para evitar a presen\u00e7a dos animais no interior do parquinho, al\u00e9m de outras medidas necess\u00e1rias para evitar prolifera\u00e7\u00e3o de doen\u00e7as, inclusive de interdi\u00e7\u00e3o tempor\u00e1ria do parquinho.<\/span><\/p>\n<p><span style=\"color: #000000;\">Ilumina\u00e7\u00e3o<\/span><\/p>\n<p><span style=\"color: #000000;\">Por outro lado, o vereador est\u00e1 solicitando ainda \u00e0 Secretaria de Infraestrutura, servi\u00e7os de manuten\u00e7\u00e3o do sistema de ilumina\u00e7\u00e3o p\u00fablica da Avenida Nossa Senhora da Candel\u00e1ria, trecho compreendido entre a Rua General Dutra at\u00e9 a regi\u00e3o da Escola Gabriel Vandoni de Barros.<\/span><\/p>\n<p><span style=\"color: #000000;\">\u201cEsse trecho est\u00e1 totalmente \u00e0s escuras e isso tem causado transtornos aos moradores, bem como aos alunos, professores e outros servidores da escola. \u00c9 preciso que seja executado o reparo necess\u00e1rio para garantir maior seguran\u00e7a a todos\u201d, pediu.<\/span><\/p>\n","protected":false},"excerpt":{"rendered":"<p>O vereador Paulo Bertini est\u00e1 solicitando \u00e0 Prefeitura, a realiza\u00e7\u00e3o de exames e medidas preventivas&#8230;<\/p>\n","protected":false},"author":1,"featured_media":17171,"comment_status":"closed","ping_status":"closed","sticky":false,"template":"","format":"standard","meta":{"footnotes":""},"categories":[19],"tags":[],"class_list":["post-17170","post","type-post","status-publish","format-standard","has-post-thumbnail","hentry","category-politica"],"_links":{"self":[{"href":"https:\/\/www.corumbaonline.com.br\/news\/wp-json\/wp\/v2\/posts\/17170","targetHints":{"allow":["GET"]}}],"collection":[{"href":"https:\/\/www.corumbaonline.com.br\/news\/wp-json\/wp\/v2\/posts"}],"about":[{"href":"https:\/\/www.corumbaonline.com.br\/news\/wp-json\/wp\/v2\/types\/post"}],"author":[{"embeddable":true,"href":"https:\/\/www.corumbaonline.com.br\/news\/wp-json\/wp\/v2\/users\/1"}],"replies":[{"embeddable":true,"href":"https:\/\/www.corumbaonline.com.br\/news\/wp-json\/wp\/v2\/comments?post=17170"}],"version-history":[{"count":1,"href":"https:\/\/www.corumbaonline.com.br\/news\/wp-json\/wp\/v2\/posts\/17170\/revisions"}],"predecessor-version":[{"id":17172,"href":"https:\/\/www.corumbaonline.com.br\/news\/wp-json\/wp\/v2\/posts\/17170\/revisions\/17172"}],"wp:featuredmedia":[{"embeddable":true,"href":"https:\/\/www.corumbaonline.com.br\/news\/wp-json\/wp\/v2\/media\/17171"}],"wp:attachment":[{"href":"https:\/\/www.corumbaonline.com.br\/news\/wp-json\/wp\/v2\/media?parent=17170"}],"wp:term":[{"taxonomy":"category","embeddable":true,"href":"https:\/\/www.corumbaonline.com.br\/news\/wp-json\/wp\/v2\/categories?post=17170"},{"taxonomy":"post_tag","embeddable":true,"href":"https:\/\/www.corumbaonline.com.br\/news\/wp-json\/wp\/v2\/tags?post=17170"}],"curies":[{"name":"wp","href":"https:\/\/api.w.org\/{rel}","templated":true}]}}