{"id":17173,"date":"2018-05-11T10:21:59","date_gmt":"2018-05-11T14:21:59","guid":{"rendered":"http:\/\/www.corumbaonline.com.br\/news\/?p=17173"},"modified":"2018-05-11T10:43:31","modified_gmt":"2018-05-11T14:43:31","slug":"prefeito-agradece-deputados-zeca-e-vander-por-repasse-de-r-200-mil-para-apae","status":"publish","type":"post","link":"https:\/\/www.corumbaonline.com.br\/news\/prefeito-agradece-deputados-zeca-e-vander-por-repasse-de-r-200-mil-para-apae\/","title":{"rendered":"Prefeito agradece deputados Zeca e Vander por repasse de R$ 200 mil para APAE"},"content":{"rendered":"<p>O prefeito Marcelo Iunes participou na tarde desta quinta-feira, 10 de maio, da visita feita pelos deputados Jos\u00e9 Orc\u00edrio Miranda dos Santos (Zeca do PT) e Vander Loubet \u00e0 APAE de Corumb\u00e1.<\/p>\n<p>&nbsp;<\/p>\n<p>Durante a agenda, os parlamentares fizeram o repasse de R$ 200 mil para a entidade, que atualmente atende quase 800 usu\u00e1rios. Por m\u00eas s\u00e3o mais de 5 mil atendimentos diversos realizados na institui\u00e7\u00e3o, situada na rua Santa Teresinha, bairro Maria Leite.<\/p>\n<p>&nbsp;<\/p>\n<p>\u201cO Zeca e o Vander s\u00e3o deputados que ajudam muito nossa cidade. Eles j\u00e1 destinaram para Corumb\u00e1 emendas para a \u00e1rea de sa\u00fade, assist\u00eancia social, infraestrutura e agricultura familiar. S\u00e3o dois grandes parceiros dos corumbaenses\u201d, afirmou o prefeito Marcelo Iunes, destacando ainda o importante trabalho realizado pela APAE no munic\u00edpio.<\/p>\n<p>&nbsp;<\/p>\n<p>\u201cEssa \u00e9 uma entidade extremamente importante para a popula\u00e7\u00e3o. Por isso tamb\u00e9m recebe recursos pr\u00f3prios da Prefeitura, por meio do FMIS (Fundo Municipal de Investimento Social), que ajudam a manter esse belo trabalho realizado aqui. Com certeza, esse apoio dos deputados vai melhorar ainda mais o atendimento para essas pessoas que tanto precisam\u201d, completou.<\/p>\n<p>&nbsp;<\/p>\n<p>Durante a entrega simb\u00f3lica da emenda, o deputado Zeca do PT adiantou que, at\u00e9 o final do ano, mais R$ 200 mil ser\u00e3o repassados para a APAE em emenda conjunta dele e Vander. \u201cO trabalho realizado aqui \u00e9 muito importante. Esse recurso ser\u00e1 usado em beneficio dessas fam\u00edlias que precisam desse servi\u00e7o\u201d, afirmou.<\/p>\n<p>&nbsp;<\/p>\n<p>Segundo o deputado Vander Loubet, o dinheiro j\u00e1 est\u00e1 depositado na conta do Governo do Estado. Ele explicou que o valor ser\u00e1 repassado para a Prefeitura, que imediatamente repassa o montante para a entidade. O deputado estadual Cabo Almi tamb\u00e9m participou do ato. Ap\u00f3s a entrega, eles visitaram toda a estrutura do local.<\/p>\n<p>&nbsp;<\/p>\n<p><strong>A institui\u00e7\u00e3o em Corumb\u00e1<\/strong><\/p>\n<p>&nbsp;<\/p>\n<p>A APAE de Corumb\u00e1 completar\u00e1 47 anos de exist\u00eancia no pr\u00f3ximo dia 09 de novembro. A entidade foi fundada em 1971 pelo casal Ant\u00f4nio Pedro de Barros e Odilza Miranda de Barros. Eles perceberam a necessidade de atendimento qualificado devido ao nascimento de um filho.<\/p>\n<p>&nbsp;<\/p>\n<p>S\u00e3o dois turnos de servi\u00e7os voltados \u00e0s pessoas com defici\u00eancia intelectual, por\u00e9m devido aos agraves que a defici\u00eancia intelectual gera, causando outras defici\u00eancias m\u00faltiplas, a institui\u00e7\u00e3o acaba por atender pessoas com defici\u00eancia intelectual e m\u00faltipla.<\/p>\n<p>&nbsp;<\/p>\n<p>A APAE oferece ainda unidade educacional, com educa\u00e7\u00e3o infantil, al\u00e9m do ensino fundamental de 1\u00ba e 2\u00ba anos. H\u00e1 tamb\u00e9m o atendimento cl\u00ednico. S\u00e3o oferecidos tratamentos com psic\u00f3logos, fisioterapeutas, dentistas, terapeutas ocupacionais, al\u00e9m de atendimento m\u00e9dico.<\/p>\n<p>&nbsp;<\/p>\n<p>O objetivo principal da APAE \u00e9 promover e articular a\u00e7\u00f5es de defesa dos direitos das pessoas com defici\u00eancia e representar o movimento perante os organismos nacionais e internacionais, para a melhoria da qualidade dos servi\u00e7os prestados pelas APAEs, na perspectiva da inclus\u00e3o social de seus usu\u00e1rios. As APAEs t\u00eam como principal miss\u00e3o prestar servi\u00e7os de assist\u00eancia social no que se diz respeito a melhoria da qualidade de vida da pessoa com defici\u00eancia, conscientizando cada vez mais a sociedade.<\/p>\n","protected":false},"excerpt":{"rendered":"<p>O prefeito Marcelo Iunes participou na tarde desta quinta-feira, 10 de maio, da visita feita&#8230;<\/p>\n","protected":false},"author":1,"featured_media":17174,"comment_status":"closed","ping_status":"closed","sticky":false,"template":"","format":"standard","meta":{"footnotes":""},"categories":[19],"tags":[],"class_list":["post-17173","post","type-post","status-publish","format-standard","has-post-thumbnail","hentry","category-politica"],"_links":{"self":[{"href":"https:\/\/www.corumbaonline.com.br\/news\/wp-json\/wp\/v2\/posts\/17173","targetHints":{"allow":["GET"]}}],"collection":[{"href":"https:\/\/www.corumbaonline.com.br\/news\/wp-json\/wp\/v2\/posts"}],"about":[{"href":"https:\/\/www.corumbaonline.com.br\/news\/wp-json\/wp\/v2\/types\/post"}],"author":[{"embeddable":true,"href":"https:\/\/www.corumbaonline.com.br\/news\/wp-json\/wp\/v2\/users\/1"}],"replies":[{"embeddable":true,"href":"https:\/\/www.corumbaonline.com.br\/news\/wp-json\/wp\/v2\/comments?post=17173"}],"version-history":[{"count":1,"href":"https:\/\/www.corumbaonline.com.br\/news\/wp-json\/wp\/v2\/posts\/17173\/revisions"}],"predecessor-version":[{"id":17175,"href":"https:\/\/www.corumbaonline.com.br\/news\/wp-json\/wp\/v2\/posts\/17173\/revisions\/17175"}],"wp:featuredmedia":[{"embeddable":true,"href":"https:\/\/www.corumbaonline.com.br\/news\/wp-json\/wp\/v2\/media\/17174"}],"wp:attachment":[{"href":"https:\/\/www.corumbaonline.com.br\/news\/wp-json\/wp\/v2\/media?parent=17173"}],"wp:term":[{"taxonomy":"category","embeddable":true,"href":"https:\/\/www.corumbaonline.com.br\/news\/wp-json\/wp\/v2\/categories?post=17173"},{"taxonomy":"post_tag","embeddable":true,"href":"https:\/\/www.corumbaonline.com.br\/news\/wp-json\/wp\/v2\/tags?post=17173"}],"curies":[{"name":"wp","href":"https:\/\/api.w.org\/{rel}","templated":true}]}}