{"id":17178,"date":"2018-05-11T11:38:36","date_gmt":"2018-05-11T15:38:36","guid":{"rendered":"http:\/\/www.corumbaonline.com.br\/news\/?p=17178"},"modified":"2018-05-11T11:43:51","modified_gmt":"2018-05-11T15:43:51","slug":"daniel-alves-esta-fora-da-copa-do-mundo","status":"publish","type":"post","link":"https:\/\/www.corumbaonline.com.br\/news\/daniel-alves-esta-fora-da-copa-do-mundo\/","title":{"rendered":"Daniel Alves est\u00e1 fora da Copa do Mundo"},"content":{"rendered":"<p>Daniel Alves est\u00e1 fora da Copa do Mundo. Ap\u00f3s visitar o jogador no PSG e pedir exames complementares, o m\u00e9dico da sele\u00e7\u00e3o brasileira, Rodrigo Lasmar, constatou que \u00e9 imposs\u00edvel o jogador se recuperar em tempo de participar do torneio. Mesmo que daqui a tr\u00eas semanas, prazo estipulado para uma reavalia\u00e7\u00e3o, se conclua que a cirurgia n\u00e3o \u00e9 necess\u00e1ria, ele ainda demoraria pelo menos outras seis semanas para ter condi\u00e7\u00e3o de treinar normalmente.<\/p>\n<p>O lateral-direito sofreu uma desinser\u00e7\u00e3o no ligamento cruzado anterior do joelho direito. Isso significa que o ligamento se soltou de um osso. \u00c9 diferente do rompimento mais convencional, quando ele parte no meio. Al\u00e9m disso, h\u00e1 uma entorse no joelho.<\/p>\n<div class=\"mc-column content-text active-extra-styles \" data-block-type=\"unstyled\" data-block-weight=\"62\" data-block-id=\"5\">\n<p class=\"content-text__container \" data-track-category=\"Link no Texto\" data-track-links=\"\">Na pr\u00f3xima segunda-feira, Tite ir\u00e1 convocar a sele\u00e7\u00e3o brasileira sem seu jogador mais veterano. Aos 35 anos, Daniel Alves disputaria sua terceira Copa do Mundo. Ele foi o capit\u00e3o da equipe nos amistosos de maior peso, contra Inglaterra e Alemanha \u2013 um ind\u00edcio de que poderia ser tamb\u00e9m em decis\u00f5es no Mundial, j\u00e1 que Tite costuma rodar a faixa entre o grupo.<\/p>\n<\/div>\n<div class=\"mc-column content-text active-extra-styles \" data-block-type=\"unstyled\" data-block-weight=\"43\" data-block-id=\"6\">\n<p class=\"content-text__container \" data-track-category=\"Link no Texto\" data-track-links=\"\">Rodrigo Lasmar e Edu Gaspar, coordenador de sele\u00e7\u00f5es, chegaram a Paris na quinta-feira e passaram cerca de quatro horas reunidos com Daniel Alves e m\u00e9dicos do PSG, no centro de treinamento do clube. Ao deixarem o local, afirmaram que precisavam de novas avalia\u00e7\u00f5es.<\/p>\n<\/div>\n<div class=\"mc-column content-text active-extra-styles \" data-block-type=\"unstyled\" data-block-weight=\"41\" data-block-id=\"7\">\n<p class=\"content-text__container \" data-track-category=\"Link no Texto\" data-track-links=\"\">Tite recomendou que todas as alternativas fossem esgotadas, em raz\u00e3o da import\u00e2ncia do lateral-direito para a equipe. A presen\u00e7a de Edu Gaspar tamb\u00e9m teve o princ\u00edpio de demonstrar o respeito pelo lateral e apoi\u00e1-lo diante da decis\u00e3o m\u00e9dica de n\u00e3o convoc\u00e1-lo.<\/p>\n<p class=\"content-text__container \" data-track-category=\"Link no Texto\" data-track-links=\"\">Fagner (Corinthians), Danilo (Manchester City) e Rafinha (Bayern de Munique) s\u00e3o os favoritos a ocuparem as duas vagas abertas na posi\u00e7\u00e3o. No domingo,\u00a0<a href=\"https:\/\/globoesporte.globo.com\/futebol\/selecao-brasileira\/noticia\/apos-dani-alves-e-neymar-medico-da-selecao-deve-ir-ao-corinthians-por-fagner.ghtml\">Rodrigo Lasmar vai ao CT do Corinthians para examinar Fagner<\/a>, que sofreu uma les\u00e3o muscular na coxa direita no dia 29 de abril, e desde ent\u00e3o n\u00e3o voltou a treinar no campo.<\/p>\n<\/div>\n","protected":false},"excerpt":{"rendered":"<p>Daniel Alves est\u00e1 fora da Copa do Mundo. Ap\u00f3s visitar o jogador no PSG e&#8230;<\/p>\n","protected":false},"author":1,"featured_media":17179,"comment_status":"closed","ping_status":"closed","sticky":false,"template":"","format":"standard","meta":{"footnotes":""},"categories":[8,11],"tags":[],"class_list":["post-17178","post","type-post","status-publish","format-standard","has-post-thumbnail","hentry","category-destaque","category-esporte"],"_links":{"self":[{"href":"https:\/\/www.corumbaonline.com.br\/news\/wp-json\/wp\/v2\/posts\/17178","targetHints":{"allow":["GET"]}}],"collection":[{"href":"https:\/\/www.corumbaonline.com.br\/news\/wp-json\/wp\/v2\/posts"}],"about":[{"href":"https:\/\/www.corumbaonline.com.br\/news\/wp-json\/wp\/v2\/types\/post"}],"author":[{"embeddable":true,"href":"https:\/\/www.corumbaonline.com.br\/news\/wp-json\/wp\/v2\/users\/1"}],"replies":[{"embeddable":true,"href":"https:\/\/www.corumbaonline.com.br\/news\/wp-json\/wp\/v2\/comments?post=17178"}],"version-history":[{"count":3,"href":"https:\/\/www.corumbaonline.com.br\/news\/wp-json\/wp\/v2\/posts\/17178\/revisions"}],"predecessor-version":[{"id":17182,"href":"https:\/\/www.corumbaonline.com.br\/news\/wp-json\/wp\/v2\/posts\/17178\/revisions\/17182"}],"wp:featuredmedia":[{"embeddable":true,"href":"https:\/\/www.corumbaonline.com.br\/news\/wp-json\/wp\/v2\/media\/17179"}],"wp:attachment":[{"href":"https:\/\/www.corumbaonline.com.br\/news\/wp-json\/wp\/v2\/media?parent=17178"}],"wp:term":[{"taxonomy":"category","embeddable":true,"href":"https:\/\/www.corumbaonline.com.br\/news\/wp-json\/wp\/v2\/categories?post=17178"},{"taxonomy":"post_tag","embeddable":true,"href":"https:\/\/www.corumbaonline.com.br\/news\/wp-json\/wp\/v2\/tags?post=17178"}],"curies":[{"name":"wp","href":"https:\/\/api.w.org\/{rel}","templated":true}]}}