{"id":17193,"date":"2018-05-11T15:54:34","date_gmt":"2018-05-11T19:54:34","guid":{"rendered":"http:\/\/www.corumbaonline.com.br\/news\/?p=17193"},"modified":"2018-05-11T15:26:06","modified_gmt":"2018-05-11T19:26:06","slug":"criada-frente-para-o-desenvolvimento-das-unidades-de-conservacao-ambiental","status":"publish","type":"post","link":"https:\/\/www.corumbaonline.com.br\/news\/criada-frente-para-o-desenvolvimento-das-unidades-de-conservacao-ambiental\/","title":{"rendered":"Criada Frente para o Desenvolvimento das Unidades de Conserva\u00e7\u00e3o Ambiental"},"content":{"rendered":"<p>Publicado no Di\u00e1rio Oficial do Legislativo, o Ato 1\/2018 institui a Frente Parlamentar para o Desenvolvimento das Unidades de Conserva\u00e7\u00e3o Ambiental do Estado de Mato Grosso do Sul. De acordo com o deputado Renato C\u00e2mara (PMDB), a finalidade \u00e9 construir a\u00e7\u00f5es unificadas em fun\u00e7\u00e3o de interesses comuns, independente do partido pol\u00edtico, promovendo discuss\u00f5es e apresentando propostas para a preserva\u00e7\u00e3o do meio ambiente.<\/p>\n<p>Em 18 de julho de 2000, a Lei 9.985 regulamentou o artigo 255 da Constitui\u00e7\u00e3o Federal, estabelecendo o Sistema Nacional de Unidades de Conserva\u00e7\u00e3o da Natureza (SNUC), determinando crit\u00e9rios e normas para a cria\u00e7\u00e3o, implanta\u00e7\u00e3o e gest\u00e3o do espa\u00e7o territorial e seus recursos ambientais, incluindo as \u00e1guas jurisdicionais, aplicando garantias adequadas de prote\u00e7\u00e3o.<\/p>\n<p>\u201cTemos a fun\u00e7\u00e3o de assegurar a representatividade de amostras significativas e ecologicamente vi\u00e1veis das diferentes popula\u00e7\u00f5es, habitats e ecossistemas do territ\u00f3rio nacional e das \u00e1guas jurisdicionais, preservando o patrim\u00f4nio biol\u00f3gico existente. As unidades de conserva\u00e7\u00e3o asseguram o uso sustent\u00e1vel dos recursos naturais de forma racional e ainda propiciam o desenvolvimento de atividades econ\u00f4micas sustent\u00e1veis. Portanto, visamos com a cria\u00e7\u00e3o desta Frente Parlamentar trazer \u00e0 popula\u00e7\u00e3o do Estado discuss\u00f5es acerca da import\u00e2ncia destas \u00e1reas para todos\u201d, afirmou Renato C\u00e2mara.<\/p>\n","protected":false},"excerpt":{"rendered":"<p>Publicado no Di\u00e1rio Oficial do Legislativo, o Ato 1\/2018 institui a Frente Parlamentar para o&#8230;<\/p>\n","protected":false},"author":1,"featured_media":0,"comment_status":"closed","ping_status":"closed","sticky":false,"template":"","format":"standard","meta":{"footnotes":""},"categories":[17,19],"tags":[],"class_list":["post-17193","post","type-post","status-publish","format-standard","hentry","category-meio-ambiente","category-politica"],"_links":{"self":[{"href":"https:\/\/www.corumbaonline.com.br\/news\/wp-json\/wp\/v2\/posts\/17193","targetHints":{"allow":["GET"]}}],"collection":[{"href":"https:\/\/www.corumbaonline.com.br\/news\/wp-json\/wp\/v2\/posts"}],"about":[{"href":"https:\/\/www.corumbaonline.com.br\/news\/wp-json\/wp\/v2\/types\/post"}],"author":[{"embeddable":true,"href":"https:\/\/www.corumbaonline.com.br\/news\/wp-json\/wp\/v2\/users\/1"}],"replies":[{"embeddable":true,"href":"https:\/\/www.corumbaonline.com.br\/news\/wp-json\/wp\/v2\/comments?post=17193"}],"version-history":[{"count":1,"href":"https:\/\/www.corumbaonline.com.br\/news\/wp-json\/wp\/v2\/posts\/17193\/revisions"}],"predecessor-version":[{"id":17194,"href":"https:\/\/www.corumbaonline.com.br\/news\/wp-json\/wp\/v2\/posts\/17193\/revisions\/17194"}],"wp:attachment":[{"href":"https:\/\/www.corumbaonline.com.br\/news\/wp-json\/wp\/v2\/media?parent=17193"}],"wp:term":[{"taxonomy":"category","embeddable":true,"href":"https:\/\/www.corumbaonline.com.br\/news\/wp-json\/wp\/v2\/categories?post=17193"},{"taxonomy":"post_tag","embeddable":true,"href":"https:\/\/www.corumbaonline.com.br\/news\/wp-json\/wp\/v2\/tags?post=17193"}],"curies":[{"name":"wp","href":"https:\/\/api.w.org\/{rel}","templated":true}]}}