{"id":17243,"date":"2018-05-14T12:00:07","date_gmt":"2018-05-14T16:00:07","guid":{"rendered":"http:\/\/www.corumbaonline.com.br\/news\/?p=17243"},"modified":"2018-05-14T12:37:48","modified_gmt":"2018-05-14T16:37:48","slug":"doid-foragidos-da-justica-foram-capturados-pela-pm-em-corumba-e-ladario","status":"publish","type":"post","link":"https:\/\/www.corumbaonline.com.br\/news\/doid-foragidos-da-justica-foram-capturados-pela-pm-em-corumba-e-ladario\/","title":{"rendered":"Doid foragidos da Justi\u00e7a foram capturados pela PM em Corumb\u00e1 e Lad\u00e1rio"},"content":{"rendered":"<p>Durante o \u00faltimo fim de semana as equipes do 6\u00ba Batalh\u00e3o de Pol\u00edcia Militar capturaram dois indiv\u00edduos foragidos da Justi\u00e7a durante rondas ostensivas e preventivas pelos bairros de Corumb\u00e1 e Lad\u00e1rio<\/p>\n<p>No s\u00e1bado (12), por volta das 17 horas, a equipe de for\u00e7a t\u00e1tica realizou a abordagem a um indiv\u00edduo que estava visivelmente alterado em um bar, no bairro Popular Nova, pois ao notar a presen\u00e7a da viatura policial tentou esconder o rosto, por\u00e9m foi abordado e revistado logo em seguida, mas nada de il\u00edcito foi encontrado. No entanto, ao ter seus dados checados junto ao sistema constatou em desfavor do indiv\u00edduo de 28 anos de idade, um mandado de pris\u00e3o a cumprir.<\/p>\n<p>J\u00e1 no domingo (13), por volta das 15 horas, a equipe de r\u00e1dio patrulha realizava rondas em Lad\u00e1rio, quando avistou dois indiv\u00edduos em uma motocicleta em atitude suspeita e que tentaram fugir ao avistarem a viatura policial. A equipe realizou o acompanhamento t\u00e1tico e abordou os indiv\u00edduos. Foi realizada uma revista minuciosa em ambos, inclusive na moto, mas nada de il\u00edcito foi encontrado. No entanto, ao terem seus dados checados junto ao sistema, foi constatado em desfavor do indiv\u00edduo de 23 anos, um mandado de pris\u00e3o a cumprir. Sendo, o outro indiv\u00edduo liberado no local, juntamente com a moto por n\u00e3o haver nenhuma irregularidade.<\/p>\n<p>Diante dos fatos, em ambos os casos, os indiv\u00edduos foram encaminhados \u00e0 Delegacia de Pol\u00edcia Civil.<\/p>\n","protected":false},"excerpt":{"rendered":"<p>Durante o \u00faltimo fim de semana as equipes do 6\u00ba Batalh\u00e3o de Pol\u00edcia Militar capturaram&#8230;<\/p>\n","protected":false},"author":1,"featured_media":17244,"comment_status":"closed","ping_status":"closed","sticky":false,"template":"","format":"standard","meta":{"footnotes":""},"categories":[18],"tags":[],"class_list":["post-17243","post","type-post","status-publish","format-standard","has-post-thumbnail","hentry","category-seguranca"],"_links":{"self":[{"href":"https:\/\/www.corumbaonline.com.br\/news\/wp-json\/wp\/v2\/posts\/17243","targetHints":{"allow":["GET"]}}],"collection":[{"href":"https:\/\/www.corumbaonline.com.br\/news\/wp-json\/wp\/v2\/posts"}],"about":[{"href":"https:\/\/www.corumbaonline.com.br\/news\/wp-json\/wp\/v2\/types\/post"}],"author":[{"embeddable":true,"href":"https:\/\/www.corumbaonline.com.br\/news\/wp-json\/wp\/v2\/users\/1"}],"replies":[{"embeddable":true,"href":"https:\/\/www.corumbaonline.com.br\/news\/wp-json\/wp\/v2\/comments?post=17243"}],"version-history":[{"count":1,"href":"https:\/\/www.corumbaonline.com.br\/news\/wp-json\/wp\/v2\/posts\/17243\/revisions"}],"predecessor-version":[{"id":17245,"href":"https:\/\/www.corumbaonline.com.br\/news\/wp-json\/wp\/v2\/posts\/17243\/revisions\/17245"}],"wp:featuredmedia":[{"embeddable":true,"href":"https:\/\/www.corumbaonline.com.br\/news\/wp-json\/wp\/v2\/media\/17244"}],"wp:attachment":[{"href":"https:\/\/www.corumbaonline.com.br\/news\/wp-json\/wp\/v2\/media?parent=17243"}],"wp:term":[{"taxonomy":"category","embeddable":true,"href":"https:\/\/www.corumbaonline.com.br\/news\/wp-json\/wp\/v2\/categories?post=17243"},{"taxonomy":"post_tag","embeddable":true,"href":"https:\/\/www.corumbaonline.com.br\/news\/wp-json\/wp\/v2\/tags?post=17243"}],"curies":[{"name":"wp","href":"https:\/\/api.w.org\/{rel}","templated":true}]}}