{"id":17304,"date":"2018-05-15T11:23:10","date_gmt":"2018-05-15T15:23:10","guid":{"rendered":"http:\/\/www.corumbaonline.com.br\/news\/?p=17304"},"modified":"2018-05-15T11:05:25","modified_gmt":"2018-05-15T15:05:25","slug":"na-camara-vereador-reforca-necessidade-de-maior-seguranca-no-anel-viario","status":"publish","type":"post","link":"https:\/\/www.corumbaonline.com.br\/news\/na-camara-vereador-reforca-necessidade-de-maior-seguranca-no-anel-viario\/","title":{"rendered":"Na C\u00e2mara, vereador refor\u00e7a necessidade de maior seguran\u00e7a no anel vi\u00e1rio"},"content":{"rendered":"<p><span style=\"color: #000000;\">O aumento dos \u00edndices de acidentes de tr\u00e2nsito na regi\u00e3o do anel vi\u00e1rio (BR-262), dentro da \u00e1rea urbana de Corumb\u00e1, fez com que o vereador Domingos Albaneze Neto refor\u00e7asse a necessidade da implanta\u00e7\u00e3o de equipamentos de seguran\u00e7a na via, no sentido de garantir maior seguran\u00e7a aos pedestres, especialmente \u00e0s crian\u00e7as.<\/span><\/p>\n<p><span style=\"color: #000000;\">A solicita\u00e7\u00e3o foi feita durante sess\u00e3o do Poder Legislativo corumbaense e o pedido est\u00e1 sendo encaminhado ao diretor-executivo da Ag\u00eancia Municipal de Tr\u00e2nsito e Transporte, Cleiton Douglas da Silva.<\/span><\/p>\n<p><span style=\"color: #000000;\">Em seu pedido, o vereador reivindica a implanta\u00e7\u00e3o de um redutor de velocidade n o anel vi\u00e1rio, na altura dos residenciais Flamboyant. Ele informa que no local, os ve\u00edculos trafegam em alta velocidade, o que vem causando transtornos aos pedestres que s\u00e3o obrigados a atravessar a via, principalmente as crian\u00e7as que estudam na Escola Municipal Almirante Tamandar\u00e9.<\/span><\/p>\n","protected":false},"excerpt":{"rendered":"<p>O aumento dos \u00edndices de acidentes de tr\u00e2nsito na regi\u00e3o do anel vi\u00e1rio (BR-262), dentro&#8230;<\/p>\n","protected":false},"author":1,"featured_media":17305,"comment_status":"closed","ping_status":"closed","sticky":false,"template":"","format":"standard","meta":{"footnotes":""},"categories":[19],"tags":[],"class_list":["post-17304","post","type-post","status-publish","format-standard","has-post-thumbnail","hentry","category-politica"],"_links":{"self":[{"href":"https:\/\/www.corumbaonline.com.br\/news\/wp-json\/wp\/v2\/posts\/17304","targetHints":{"allow":["GET"]}}],"collection":[{"href":"https:\/\/www.corumbaonline.com.br\/news\/wp-json\/wp\/v2\/posts"}],"about":[{"href":"https:\/\/www.corumbaonline.com.br\/news\/wp-json\/wp\/v2\/types\/post"}],"author":[{"embeddable":true,"href":"https:\/\/www.corumbaonline.com.br\/news\/wp-json\/wp\/v2\/users\/1"}],"replies":[{"embeddable":true,"href":"https:\/\/www.corumbaonline.com.br\/news\/wp-json\/wp\/v2\/comments?post=17304"}],"version-history":[{"count":1,"href":"https:\/\/www.corumbaonline.com.br\/news\/wp-json\/wp\/v2\/posts\/17304\/revisions"}],"predecessor-version":[{"id":17306,"href":"https:\/\/www.corumbaonline.com.br\/news\/wp-json\/wp\/v2\/posts\/17304\/revisions\/17306"}],"wp:featuredmedia":[{"embeddable":true,"href":"https:\/\/www.corumbaonline.com.br\/news\/wp-json\/wp\/v2\/media\/17305"}],"wp:attachment":[{"href":"https:\/\/www.corumbaonline.com.br\/news\/wp-json\/wp\/v2\/media?parent=17304"}],"wp:term":[{"taxonomy":"category","embeddable":true,"href":"https:\/\/www.corumbaonline.com.br\/news\/wp-json\/wp\/v2\/categories?post=17304"},{"taxonomy":"post_tag","embeddable":true,"href":"https:\/\/www.corumbaonline.com.br\/news\/wp-json\/wp\/v2\/tags?post=17304"}],"curies":[{"name":"wp","href":"https:\/\/api.w.org\/{rel}","templated":true}]}}