{"id":17314,"date":"2018-05-15T14:14:50","date_gmt":"2018-05-15T18:14:50","guid":{"rendered":"http:\/\/www.corumbaonline.com.br\/news\/?p=17314"},"modified":"2018-05-15T14:40:41","modified_gmt":"2018-05-15T18:40:41","slug":"ministro-do-stj-nega-continuidade-a-pedido-de-liberdade-de-lula","status":"publish","type":"post","link":"https:\/\/www.corumbaonline.com.br\/news\/ministro-do-stj-nega-continuidade-a-pedido-de-liberdade-de-lula\/","title":{"rendered":"Ministro do STJ nega continuidade a pedido de liberdade de Lula"},"content":{"rendered":"<p>O ministro Felix Fischer, relator da Lava Jato no Superior Tribunal de Justi\u00e7a (STJ), julgou ontem (14) prejudicado um\u00a0<em>habeas corpus\u00a0<\/em>que foi impetrado pela defesa do ex-presidente Luiz In\u00e1cio Lula da Silva um dia antes de sua pris\u00e3o, no \u00faltimo dia 7 de abril. A decis\u00e3o foi divulgada hoje (15).<\/p>\n<p>Pouco depois de o pedido ter sido protocolado no STJ, no dia 6 de abril, o ministro<a href=\"http:\/\/agenciabrasil.ebc.com.br\/politica\/noticia\/2018-04\/ministro-do-stj-nega-habeas-corpus-ao-ex-presidente-lula\">\u00a0negou liminar\u00a0<\/a>(decis\u00e3o provis\u00f3ria) para impedir a pris\u00e3o de Lula. Agora, Fischer suspendeu por completo a tramita\u00e7\u00e3o do\u00a0<em>habeas corpus<\/em>\u00a0por entender n\u00e3o existir mais a irregularidade que era apontada pela defesa.<\/p>\n<div class=\"dnd-widget-wrapper context-medio_4colunas type-image atom-align-left\">\n<div class=\"dnd-atom-rendered\">\n<figure class=\"mejs-fotoh-wrapper\">\n<p><figure style=\"width: 365px\" class=\"wp-caption alignnone\"><img loading=\"lazy\" decoding=\"async\" class=\"img-responsive full full\" title=\"Ex-presidente Luiz In\u00e1cio Lula da Silva discursa no Sindicato dos Metal\u00fargicos do ABC, em S\u00e3o Bernardo do Campo, onde acompanha julgamento de recurso contra condena\u00e7\u00e3o no caso triplex do Guaruj\u00e1 (Reuters\/Leonardo Benassatto\/Direitos\/Reuters\/Leonardo Benassatto\/Direitos Reservados\" src=\"http:\/\/imagens.ebc.com.br\/s_awIm0qL94m0xJ6yfSCcwSADdU=\/365x0\/smart\/http:\/\/agenciabrasil.ebc.com.br\/sites\/default\/files\/atoms\/image\/2018-01-24t135737z_1750440289_rc1faf6fbe90_rtrmadp_3_brazil-politics-lula.jpg?itok=3sR0GL9T\" alt=\"Ex-presidente Luiz In\u00e1cio Lula da Silva discursa no Sindicato dos Metal\u00fargicos do ABC, em S\u00e3o Bernardo do Campo, onde acompanha julgamento de recurso contra condena\u00e7\u00e3o no caso triplex do Guaruj\u00e1 (Reuters\/Leonardo Benassatto\/Direitos\" width=\"365\" height=\"244\" \/><figcaption class=\"wp-caption-text\">Ex-presidente Luiz In\u00e1cio Lula da Silva (Reuters\/ Leonardo Benassatto\/Direitos Reservados)<\/figcaption><\/figure><\/figure>\n<\/div>\n<\/div>\n<p>No<em>\u00a0habeas corpus<\/em>, a defesa de Lula argumentou que o ex-presidente n\u00e3o poderia ter sido preso antes de que a segunda inst\u00e2ncia tivesse conclu\u00eddo a an\u00e1lise de admissibilidade de um recurso especial contra a condena\u00e7\u00e3o, o que at\u00e9 hoje n\u00e3o ocorreu.<\/p>\n<p>Na semana passada, no entanto, a Segunda Turma do Supremo Tribunal Federal (STF) decidiu, por unanimidade, n\u00e3o acolher o mesmo argumento, presente em um outro pedido feito pela defesa diretamente ao STF.<\/p>\n<p>O teor da decis\u00e3o de hoje de Fischer ainda n\u00e3o est\u00e1 dispon\u00edvel. Na pr\u00e1tica, ao negar seguimento ao<em>\u00a0habeas corpus<\/em>, o pedido fica impedido de ser analisado pela Quinta Turma do STJ, da qual fazem parte, al\u00e9m de Fischer, outros quatro ministros. \u00a0A defesa de Lula ainda pode recorrer para que o\u00a0<em>habeas corpus\u00a0<\/em>seja julgado pelo colegiado.<\/p>\n<p>Desde que foi preso, Lula cumpre sua pena de 12 anos e um m\u00eas de pris\u00e3o na Superintend\u00eancia da Pol\u00edcia Federal em Curitiba. Ele foi condenado por corrup\u00e7\u00e3o passiva e lavagem de dinheiro pelo juiz S\u00e9rgio Moro, da 13\u00aa Vara Federal de Curitiba, no caso do tr\u00edplex no Guaruj\u00e1 (SP).<\/p>\n","protected":false},"excerpt":{"rendered":"<p>O ministro Felix Fischer, relator da Lava Jato no Superior Tribunal de Justi\u00e7a (STJ), julgou&#8230;<\/p>\n","protected":false},"author":1,"featured_media":0,"comment_status":"closed","ping_status":"closed","sticky":false,"template":"","format":"standard","meta":{"footnotes":""},"categories":[19],"tags":[],"class_list":["post-17314","post","type-post","status-publish","format-standard","hentry","category-politica"],"_links":{"self":[{"href":"https:\/\/www.corumbaonline.com.br\/news\/wp-json\/wp\/v2\/posts\/17314","targetHints":{"allow":["GET"]}}],"collection":[{"href":"https:\/\/www.corumbaonline.com.br\/news\/wp-json\/wp\/v2\/posts"}],"about":[{"href":"https:\/\/www.corumbaonline.com.br\/news\/wp-json\/wp\/v2\/types\/post"}],"author":[{"embeddable":true,"href":"https:\/\/www.corumbaonline.com.br\/news\/wp-json\/wp\/v2\/users\/1"}],"replies":[{"embeddable":true,"href":"https:\/\/www.corumbaonline.com.br\/news\/wp-json\/wp\/v2\/comments?post=17314"}],"version-history":[{"count":1,"href":"https:\/\/www.corumbaonline.com.br\/news\/wp-json\/wp\/v2\/posts\/17314\/revisions"}],"predecessor-version":[{"id":17315,"href":"https:\/\/www.corumbaonline.com.br\/news\/wp-json\/wp\/v2\/posts\/17314\/revisions\/17315"}],"wp:attachment":[{"href":"https:\/\/www.corumbaonline.com.br\/news\/wp-json\/wp\/v2\/media?parent=17314"}],"wp:term":[{"taxonomy":"category","embeddable":true,"href":"https:\/\/www.corumbaonline.com.br\/news\/wp-json\/wp\/v2\/categories?post=17314"},{"taxonomy":"post_tag","embeddable":true,"href":"https:\/\/www.corumbaonline.com.br\/news\/wp-json\/wp\/v2\/tags?post=17314"}],"curies":[{"name":"wp","href":"https:\/\/api.w.org\/{rel}","templated":true}]}}