{"id":17327,"date":"2018-05-15T16:38:25","date_gmt":"2018-05-15T20:38:25","guid":{"rendered":"http:\/\/www.corumbaonline.com.br\/news\/?p=17327"},"modified":"2018-05-15T16:26:28","modified_gmt":"2018-05-15T20:26:28","slug":"vereador-sugere-posto-de-fiscalizacao-de-transporte-de-pessoas-na-fronteira","status":"publish","type":"post","link":"https:\/\/www.corumbaonline.com.br\/news\/vereador-sugere-posto-de-fiscalizacao-de-transporte-de-pessoas-na-fronteira\/","title":{"rendered":"Vereador sugere posto de fiscaliza\u00e7\u00e3o de transporte de pessoas na fronteira"},"content":{"rendered":"<p><span style=\"color: #000000;\">A implanta\u00e7\u00e3o de um posto de fiscaliza\u00e7\u00e3o na regi\u00e3o de fronteira com atribui\u00e7\u00f5es voltadas ao transporte de pessoas, especialmente crian\u00e7as, foi sugerida pelo vereador Tadeu Vieira \u00e0 Prefeitura de Corumb\u00e1, como forma de combater crimes, especialmente o tr\u00e1fego de pessoas.<\/span><\/p>\n<p><span style=\"color: #000000;\">A sugest\u00e3o foi feita pelo vereador durante sess\u00e3o da C\u00e2mara, em forma de requerimento em regime de urg\u00eancia especial, e aprovado pelos demais pares da Casa de Leis.<\/span><\/p>\n<p><span style=\"color: #000000;\">O requerimento ser\u00e1 encaminhado ao prefeito Marcelo Iunes; ao procurador geral do Munic\u00edpio, Jos\u00e9 Luiz Aquino de Amorim; ao secret\u00e1rio especial de Seguran\u00e7a P\u00fablica e Defesa Social, C\u00e9sar Freitas Duarte, e ao comandante da Guarda Municipal de Corumb\u00e1, Claudinei Soares Gon\u00e7alves.<\/span><\/p>\n<p><span style=\"color: #000000;\">Tadeu sugere que estas autoridades busquem entendimento com a Superintend\u00eancia da Pol\u00edcia Rodovi\u00e1ria Federal, no sentido de ceder ao munic\u00edpio, uma estrutura com cobertura existente na BR 262 (Rodovia Ram\u00e3o Gomez), em frente ao pr\u00e9dio da PRF, onde j\u00e1 funcional o posto de ped\u00e1gio.<\/span><\/p>\n<p><span style=\"color: #000000;\">\u201cJ\u00e1 existe uma estrutura e a nossa sugest\u00e3o \u00e9 que seja implantado este posto para fiscalizar o transporte de pessoas, das crian\u00e7as, que, muitas vezes, entram na Bol\u00edvia sem documentos\u201d, explicou Tadeu. \u201cA fiscaliza\u00e7\u00e3o, nesse caso, seria feita desenvolvida em parceria pela Pol\u00edcia Rodovi\u00e1ria Estadual e Guarda Municipal, com cada uma cumprindo suas atribui\u00e7\u00f5es, cabendo \u00e0 Guarda, fiscalizar o transporte de pessoas\u201d, continuou.<\/span><\/p>\n<p><span style=\"color: #000000;\">O vereador lembra que a rodovia \u00e9 Federal. No entanto, ele acredita que n\u00e3o haver\u00e1 problemas na ced\u00eancia do espa\u00e7o, bem como no estabelecimento de uma parceria entre o Munic\u00edpio e o Estado, para um trabalho conjunto.<\/span><\/p>\n<p><span style=\"color: #000000;\">\u201cIsso ser\u00e1 muito importante para melhorar a seguran\u00e7a das nossas fam\u00edlias, dos nossos jovens e das nossas crian\u00e7as que, muitas vezes, atravessam a fronteira sem nenhuma documenta\u00e7\u00e3o de identifica\u00e7\u00e3o. Dessa forma, vamos evitar v\u00e1rios tipos de crimes na regi\u00e3o de fronteira\u201d, completou.<\/span><\/p>\n<p><span style=\"color: #000000;\">Ped\u00e1gio<\/span><\/p>\n<p><span style=\"color: #000000;\">Durante a discuss\u00e3o da mat\u00e9ria, o vereador Yussef Salla lembrou que o local poder\u00e1 tamb\u00e9m servir de posto de ped\u00e1gio, como j\u00e1 foi antigamente, caso seja aprovado um Projeto de Lei (reapresentado por ele), instituindo cobran\u00e7a de ped\u00e1gio na fronteira, de ve\u00edculos com placas de fora, com renda revertida aos Fundos de Assist\u00eancia Social e da sa\u00fade, em especial ao hospital de Corumb\u00e1.<\/span><\/p>\n","protected":false},"excerpt":{"rendered":"<p>A implanta\u00e7\u00e3o de um posto de fiscaliza\u00e7\u00e3o na regi\u00e3o de fronteira com atribui\u00e7\u00f5es voltadas ao&#8230;<\/p>\n","protected":false},"author":1,"featured_media":17328,"comment_status":"closed","ping_status":"closed","sticky":false,"template":"","format":"standard","meta":{"footnotes":""},"categories":[19],"tags":[],"class_list":["post-17327","post","type-post","status-publish","format-standard","has-post-thumbnail","hentry","category-politica"],"_links":{"self":[{"href":"https:\/\/www.corumbaonline.com.br\/news\/wp-json\/wp\/v2\/posts\/17327","targetHints":{"allow":["GET"]}}],"collection":[{"href":"https:\/\/www.corumbaonline.com.br\/news\/wp-json\/wp\/v2\/posts"}],"about":[{"href":"https:\/\/www.corumbaonline.com.br\/news\/wp-json\/wp\/v2\/types\/post"}],"author":[{"embeddable":true,"href":"https:\/\/www.corumbaonline.com.br\/news\/wp-json\/wp\/v2\/users\/1"}],"replies":[{"embeddable":true,"href":"https:\/\/www.corumbaonline.com.br\/news\/wp-json\/wp\/v2\/comments?post=17327"}],"version-history":[{"count":1,"href":"https:\/\/www.corumbaonline.com.br\/news\/wp-json\/wp\/v2\/posts\/17327\/revisions"}],"predecessor-version":[{"id":17329,"href":"https:\/\/www.corumbaonline.com.br\/news\/wp-json\/wp\/v2\/posts\/17327\/revisions\/17329"}],"wp:featuredmedia":[{"embeddable":true,"href":"https:\/\/www.corumbaonline.com.br\/news\/wp-json\/wp\/v2\/media\/17328"}],"wp:attachment":[{"href":"https:\/\/www.corumbaonline.com.br\/news\/wp-json\/wp\/v2\/media?parent=17327"}],"wp:term":[{"taxonomy":"category","embeddable":true,"href":"https:\/\/www.corumbaonline.com.br\/news\/wp-json\/wp\/v2\/categories?post=17327"},{"taxonomy":"post_tag","embeddable":true,"href":"https:\/\/www.corumbaonline.com.br\/news\/wp-json\/wp\/v2\/tags?post=17327"}],"curies":[{"name":"wp","href":"https:\/\/api.w.org\/{rel}","templated":true}]}}