{"id":17332,"date":"2018-05-16T08:05:09","date_gmt":"2018-05-16T12:05:09","guid":{"rendered":"http:\/\/www.corumbaonline.com.br\/news\/?p=17332"},"modified":"2018-05-16T08:12:05","modified_gmt":"2018-05-16T12:12:05","slug":"triplex-atribuido-a-lula-e-leiloado-por-r-22-milhoes","status":"publish","type":"post","link":"https:\/\/www.corumbaonline.com.br\/news\/triplex-atribuido-a-lula-e-leiloado-por-r-22-milhoes\/","title":{"rendered":"Triplex atribu\u00eddo a Lula \u00e9 leiloado por R$ 2,2 milh\u00f5es"},"content":{"rendered":"<p>A unidade triplex do Condom\u00ednio Solaris, no Guaruj\u00e1, atribu\u00edda pela Justi\u00e7a ao ex-presidente Luiz In\u00e1cio Lula da Silva, foi arremata hoje (15) em leil\u00e3o por R$ 2,2 milh\u00f5es. O lance vencedor foi feito \u00e0s 13h55, cinco minutos antes do final do preg\u00e3o.<\/p>\n<p>O comprador que fez o lance, denominado Guarujapar, tem a localidade registrada como Bras\u00edlia. Al\u00e9m dos R$ 2,2 milh\u00f5es, ele ter\u00e1 de arcar com a comiss\u00e3o do leiloeiro, de R$ 110 mil, e mais R$ 47.204,28 de d\u00e9bitos condominiais.<\/p>\n<p>O apartamento triplex n\u00ba 164-A ocupa do 16\u00ba ao 18\u00ba pavimento do Ed\u00edficio Salinas, no Condom\u00ednio Solaris. Ele tem \u00e1rea privativa de 215,2 metros quadrados, \u00e1rea comum de 82,6 metros quadrados e duas vagas de garagem.<\/p>\n<p>Em 29 de janeiro, o juiz federal S\u00e9rgio Moro determinou a venda, em leil\u00e3o p\u00fablico, do triplex ap\u00f3s o im\u00f3vel ter sido penhorado a pedido da 2\u00aa Vara de Execu\u00e7\u00e3o de T\u00edtulos Extrajudiciais da Justi\u00e7a Distrital de Bras\u00edlia, em processo da empresa Macife contra a OAS. Segundo a defesa de Lula, a decis\u00e3o dessa penhora, pela pr\u00f3pria Justi\u00e7a, comprovaria ser a OAS a verdadeira dona do triplex, e n\u00e3o o ex-presidente.<\/p>\n<p>Na decis\u00e3o anunciada por Moro, o juiz argumentou que \u201co im\u00f3vel foi inadvertidamente penhorado, pois o que \u00e9 produto de crime est\u00e1 sujeito a sequestro e confisco e n\u00e3o \u00e0 penhora por credor c\u00edvel ou a concurso de credores\u201d.<\/p>\n<p>O juiz determinou que os valores a serem obtidos com o leil\u00e3o do triplex sejam revertidos \u00e0 Petrobras.<\/p>\n","protected":false},"excerpt":{"rendered":"<p>A unidade triplex do Condom\u00ednio Solaris, no Guaruj\u00e1, atribu\u00edda pela Justi\u00e7a ao ex-presidente Luiz In\u00e1cio&#8230;<\/p>\n","protected":false},"author":1,"featured_media":17333,"comment_status":"closed","ping_status":"closed","sticky":false,"template":"","format":"standard","meta":{"footnotes":""},"categories":[19],"tags":[],"class_list":["post-17332","post","type-post","status-publish","format-standard","has-post-thumbnail","hentry","category-politica"],"_links":{"self":[{"href":"https:\/\/www.corumbaonline.com.br\/news\/wp-json\/wp\/v2\/posts\/17332","targetHints":{"allow":["GET"]}}],"collection":[{"href":"https:\/\/www.corumbaonline.com.br\/news\/wp-json\/wp\/v2\/posts"}],"about":[{"href":"https:\/\/www.corumbaonline.com.br\/news\/wp-json\/wp\/v2\/types\/post"}],"author":[{"embeddable":true,"href":"https:\/\/www.corumbaonline.com.br\/news\/wp-json\/wp\/v2\/users\/1"}],"replies":[{"embeddable":true,"href":"https:\/\/www.corumbaonline.com.br\/news\/wp-json\/wp\/v2\/comments?post=17332"}],"version-history":[{"count":1,"href":"https:\/\/www.corumbaonline.com.br\/news\/wp-json\/wp\/v2\/posts\/17332\/revisions"}],"predecessor-version":[{"id":17334,"href":"https:\/\/www.corumbaonline.com.br\/news\/wp-json\/wp\/v2\/posts\/17332\/revisions\/17334"}],"wp:featuredmedia":[{"embeddable":true,"href":"https:\/\/www.corumbaonline.com.br\/news\/wp-json\/wp\/v2\/media\/17333"}],"wp:attachment":[{"href":"https:\/\/www.corumbaonline.com.br\/news\/wp-json\/wp\/v2\/media?parent=17332"}],"wp:term":[{"taxonomy":"category","embeddable":true,"href":"https:\/\/www.corumbaonline.com.br\/news\/wp-json\/wp\/v2\/categories?post=17332"},{"taxonomy":"post_tag","embeddable":true,"href":"https:\/\/www.corumbaonline.com.br\/news\/wp-json\/wp\/v2\/tags?post=17332"}],"curies":[{"name":"wp","href":"https:\/\/api.w.org\/{rel}","templated":true}]}}