{"id":17335,"date":"2018-05-16T08:29:19","date_gmt":"2018-05-16T12:29:19","guid":{"rendered":"http:\/\/www.corumbaonline.com.br\/news\/?p=17335"},"modified":"2018-05-16T08:29:19","modified_gmt":"2018-05-16T12:29:19","slug":"na-camara-vereador-reforca-necessidade-de-maior-seguranca-no-anel-viario-2","status":"publish","type":"post","link":"https:\/\/www.corumbaonline.com.br\/news\/na-camara-vereador-reforca-necessidade-de-maior-seguranca-no-anel-viario-2\/","title":{"rendered":"Na C\u00e2mara, vereador refor\u00e7a necessidade de maior seguran\u00e7a no anel vi\u00e1rio"},"content":{"rendered":"<figure id=\"attachment_17336\" aria-describedby=\"caption-attachment-17336\" style=\"width: 300px\" class=\"wp-caption alignright\"><a href=\"https:\/\/www.corumbaonline.com.br\/news\/wp-content\/uploads\/2018\/05\/foto111284.jpg\"><img loading=\"lazy\" decoding=\"async\" class=\"size-medium wp-image-17336\" src=\"https:\/\/www.corumbaonline.com.br\/news\/wp-content\/uploads\/2018\/05\/foto111284-300x200.jpg\" alt=\"Ascom\" width=\"300\" height=\"200\" srcset=\"https:\/\/www.corumbaonline.com.br\/news\/wp-content\/uploads\/2018\/05\/foto111284-300x200.jpg 300w, https:\/\/www.corumbaonline.com.br\/news\/wp-content\/uploads\/2018\/05\/foto111284.jpg 441w\" sizes=\"auto, (max-width: 300px) 100vw, 300px\" \/><\/a><figcaption id=\"caption-attachment-17336\" class=\"wp-caption-text\">Domingos est\u00e1 preocupado com o crescimento dos \u00edndices de acidentes no anel vi\u00e1rio (Foto: Ascom)<\/figcaption><\/figure>\n<p><span style=\"color: #000000;\">O aumento dos \u00edndices de acidentes de tr\u00e2nsito na regi\u00e3o do anel vi\u00e1rio (BR-262), dentro da \u00e1rea urbana de Corumb\u00e1, fez com que o vereador Domingos Albaneze Neto refor\u00e7asse a necessidade da implanta\u00e7\u00e3o de equipamentos de seguran\u00e7a na via, no sentido de garantir maior seguran\u00e7a aos pedestres, especialmente \u00e0s crian\u00e7as.<\/span><\/p>\n<p><span style=\"color: #000000;\">A solicita\u00e7\u00e3o foi feita durante sess\u00e3o do Poder Legislativo corumbaense e o pedido est\u00e1 sendo encaminhado ao diretor-executivo da Ag\u00eancia Municipal de Tr\u00e2nsito e Transporte, Cleiton Douglas da Silva.<\/span><\/p>\n<p><span style=\"color: #000000;\">Em seu pedido, o vereador reivindica a implanta\u00e7\u00e3o de um redutor de velocidade n o anel vi\u00e1rio, na altura dos residenciais Flamboyant. Ele informa que no local, os ve\u00edculos trafegam em alta velocidade, o que vem causando transtornos aos pedestres que s\u00e3o obrigados a atravessar a via, principalmente as crian\u00e7as que estudam na Escola Municipal Almirante Tamandar\u00e9.<\/span><\/p>\n","protected":false},"excerpt":{"rendered":"<p>O aumento dos \u00edndices de acidentes de tr\u00e2nsito na regi\u00e3o do anel vi\u00e1rio (BR-262), dentro&#8230;<\/p>\n","protected":false},"author":1,"featured_media":0,"comment_status":"closed","ping_status":"closed","sticky":false,"template":"","format":"standard","meta":{"footnotes":""},"categories":[19],"tags":[],"class_list":["post-17335","post","type-post","status-publish","format-standard","hentry","category-politica"],"_links":{"self":[{"href":"https:\/\/www.corumbaonline.com.br\/news\/wp-json\/wp\/v2\/posts\/17335","targetHints":{"allow":["GET"]}}],"collection":[{"href":"https:\/\/www.corumbaonline.com.br\/news\/wp-json\/wp\/v2\/posts"}],"about":[{"href":"https:\/\/www.corumbaonline.com.br\/news\/wp-json\/wp\/v2\/types\/post"}],"author":[{"embeddable":true,"href":"https:\/\/www.corumbaonline.com.br\/news\/wp-json\/wp\/v2\/users\/1"}],"replies":[{"embeddable":true,"href":"https:\/\/www.corumbaonline.com.br\/news\/wp-json\/wp\/v2\/comments?post=17335"}],"version-history":[{"count":1,"href":"https:\/\/www.corumbaonline.com.br\/news\/wp-json\/wp\/v2\/posts\/17335\/revisions"}],"predecessor-version":[{"id":17337,"href":"https:\/\/www.corumbaonline.com.br\/news\/wp-json\/wp\/v2\/posts\/17335\/revisions\/17337"}],"wp:attachment":[{"href":"https:\/\/www.corumbaonline.com.br\/news\/wp-json\/wp\/v2\/media?parent=17335"}],"wp:term":[{"taxonomy":"category","embeddable":true,"href":"https:\/\/www.corumbaonline.com.br\/news\/wp-json\/wp\/v2\/categories?post=17335"},{"taxonomy":"post_tag","embeddable":true,"href":"https:\/\/www.corumbaonline.com.br\/news\/wp-json\/wp\/v2\/tags?post=17335"}],"curies":[{"name":"wp","href":"https:\/\/api.w.org\/{rel}","templated":true}]}}