{"id":17342,"date":"2018-05-16T08:41:27","date_gmt":"2018-05-16T12:41:27","guid":{"rendered":"http:\/\/www.corumbaonline.com.br\/news\/?p=17342"},"modified":"2018-05-16T08:46:28","modified_gmt":"2018-05-16T12:46:28","slug":"alms-deputados-devem-analisar-dois-projetos-na-ordem-do-dia-desta-quarta-feira","status":"publish","type":"post","link":"https:\/\/www.corumbaonline.com.br\/news\/alms-deputados-devem-analisar-dois-projetos-na-ordem-do-dia-desta-quarta-feira\/","title":{"rendered":"ALMS: Deputados devem analisar dois projetos na Ordem do Dia desta quarta-feira"},"content":{"rendered":"<p>Os deputados estaduais devem analisar, na sess\u00e3o ordin\u00e1ria desta quarta-feira (16), os Projetos de Lei 044\/18 e 030\/18, de autorias respectivas dos parlamentares Amarildo Cruz (PT) e Felipe Orro (PSDB). Ser\u00e1 apreciado, em segunda discuss\u00e3o, o PL 044\/18, que cria o \u201cDia do Orgulho Crespo de Mato Grosso do Sul\u201d. J\u00e1 o projeto de Orro, que obriga a divulga\u00e7\u00e3o de informa\u00e7\u00f5es quanto a loca\u00e7\u00e3o de im\u00f3veis particulares pelo poder p\u00fablico,\u00a0passar\u00e1 pela primeira vota\u00e7\u00e3o.<\/p>\n<p>Conforme proposta do deputado\u00a0Amarildo Cruz, o \u201cDia do Orgulho Crespo\u201d ser\u00e1 comemorado, anualmente, em 7 de novembro. Foi nessa data, em 2017, que morreu a estudante Karina Saifer Oliveira, 15 anos. A adolescente, que morava em Nova Andradina, a 300 quil\u00f4metros de Campo Grande, cometeu suic\u00eddio em decorr\u00eancia de bullying que sofria na escola devido a seus cabelos.<\/p>\n<p>\u201cA morte da adolescente emite um alerta para nossa sociedade, demonstrando que os atos de viol\u00eancia f\u00edsica ou psicol\u00f3gica s\u00e3o corriqueiros em nosso cotidiano\u201d, afirmou o petista na justificativa do projeto.\u00a0O PL 044\/18 tem pareceres favor\u00e1veis da Comiss\u00e3o de Constitui\u00e7\u00e3o, Justi\u00e7a e Reda\u00e7\u00e3o e da Comiss\u00e3o de Educa\u00e7\u00e3o, Cultura, Desporto, Ci\u00eancia e Tecnologia.<\/p>\n<p>Tamb\u00e9m ser\u00e1 analisado, nesta quarta-feira, o PL 030\/18, que institui a obrigatoriedade da divulga\u00e7\u00e3o de informa\u00e7\u00f5es relativas \u00e0 loca\u00e7\u00e3o de im\u00f3veis particulares pela administra\u00e7\u00e3o p\u00fablica. O projeto j\u00e1 conta com parecer favor\u00e1vel da Comiss\u00e3o de Constitui\u00e7\u00e3o, Justi\u00e7a e Reda\u00e7\u00e3o (CCJR).<\/p>\n<p>Em sua justificativa, Felipe Orro enfatiza que a publicidade \u00e9 um dos princ\u00edpios da administra\u00e7\u00e3o p\u00fablica conforme estabelece o artigo 37 da Constitui\u00e7\u00e3o Federal. \u201cA transpar\u00eancia dos gastos p\u00fablicos \u00e9 um dever do poder p\u00fablico e ao mesmo tempo um direito do cidad\u00e3o\u201d, argumenta.<\/p>\n<p>O projeto obriga a divulga\u00e7\u00e3o, nos portais de transpar\u00eancia na internet do poder p\u00fablico e das entidades da administra\u00e7\u00e3o indireta, das despesas com a loca\u00e7\u00e3o de im\u00f3veis particulares. \u201cO objetivo \u00e9 aperfei\u00e7oar os mecanismos de controle de gastos de dinheiro p\u00fablico, o que \u00e9 essencial na busca pelo desenvolvimento social e econ\u00f4mico\u201d, justifica Orro.<\/p>\n","protected":false},"excerpt":{"rendered":"<p>Os deputados estaduais devem analisar, na sess\u00e3o ordin\u00e1ria desta quarta-feira (16), os Projetos de Lei&#8230;<\/p>\n","protected":false},"author":1,"featured_media":0,"comment_status":"closed","ping_status":"closed","sticky":false,"template":"","format":"standard","meta":{"footnotes":""},"categories":[19],"tags":[],"class_list":["post-17342","post","type-post","status-publish","format-standard","hentry","category-politica"],"_links":{"self":[{"href":"https:\/\/www.corumbaonline.com.br\/news\/wp-json\/wp\/v2\/posts\/17342","targetHints":{"allow":["GET"]}}],"collection":[{"href":"https:\/\/www.corumbaonline.com.br\/news\/wp-json\/wp\/v2\/posts"}],"about":[{"href":"https:\/\/www.corumbaonline.com.br\/news\/wp-json\/wp\/v2\/types\/post"}],"author":[{"embeddable":true,"href":"https:\/\/www.corumbaonline.com.br\/news\/wp-json\/wp\/v2\/users\/1"}],"replies":[{"embeddable":true,"href":"https:\/\/www.corumbaonline.com.br\/news\/wp-json\/wp\/v2\/comments?post=17342"}],"version-history":[{"count":1,"href":"https:\/\/www.corumbaonline.com.br\/news\/wp-json\/wp\/v2\/posts\/17342\/revisions"}],"predecessor-version":[{"id":17343,"href":"https:\/\/www.corumbaonline.com.br\/news\/wp-json\/wp\/v2\/posts\/17342\/revisions\/17343"}],"wp:attachment":[{"href":"https:\/\/www.corumbaonline.com.br\/news\/wp-json\/wp\/v2\/media?parent=17342"}],"wp:term":[{"taxonomy":"category","embeddable":true,"href":"https:\/\/www.corumbaonline.com.br\/news\/wp-json\/wp\/v2\/categories?post=17342"},{"taxonomy":"post_tag","embeddable":true,"href":"https:\/\/www.corumbaonline.com.br\/news\/wp-json\/wp\/v2\/tags?post=17342"}],"curies":[{"name":"wp","href":"https:\/\/api.w.org\/{rel}","templated":true}]}}