{"id":17415,"date":"2018-05-18T08:10:41","date_gmt":"2018-05-18T12:10:41","guid":{"rendered":"http:\/\/www.corumbaonline.com.br\/news\/?p=17415"},"modified":"2018-05-18T10:23:41","modified_gmt":"2018-05-18T14:23:41","slug":"estudantes-tem-ate-hoje-para-se-inscrever-no-enem","status":"publish","type":"post","link":"https:\/\/www.corumbaonline.com.br\/news\/estudantes-tem-ate-hoje-para-se-inscrever-no-enem\/","title":{"rendered":"Estudantes t\u00eam at\u00e9 hoje para se inscrever no Enem"},"content":{"rendered":"<p>Termina hoje (18) \u00e0s 23h59 (hor\u00e1rio de Bras\u00edlia) o prazo para os estudantes se inscreverem no Exame Nacional do Ensino M\u00e9dio (Enem) de 2018. As inscri\u00e7\u00f5es s\u00e3o feitas pela internet, na\u00a0<a href=\"https:\/\/enem.inep.gov.br\/participante\/#!\/inicial\" target=\"_blank\" rel=\"noopener noreferrer\">p\u00e1gina do participante<\/a>.<\/p>\n<p>Mesmo os candidatos que pediram a isen\u00e7\u00e3o da taxa do Enem devem fazer a inscri\u00e7\u00e3o para a prova.\u00a0Para se inscrever, o participante dever\u00e1 apresentar o n\u00famero do CPF (Cadastro de Pessoa F\u00edsica) e do documento de identidade e criar uma senha. O candidato precisa tamb\u00e9m informar um endere\u00e7o de\u00a0<em>e-mail<\/em>\u00a0v\u00e1lido e um n\u00famero de telefone fixo ou celular, que ser\u00e1 usado para enviar informa\u00e7\u00f5es sobre o exame.<\/p>\n<p>O pagamento da taxa de inscri\u00e7\u00e3o para quem n\u00e3o conseguiu a isen\u00e7\u00e3o, no valor de R$ 82, deve ser feito at\u00e9 23 de maio nas ag\u00eancias banc\u00e1rias, casas lot\u00e9ricas e ag\u00eancias dos Correios.<\/p>\n<div class=\"dnd-widget-wrapper context-cheio_8colunas type-image\">\n<div class=\"dnd-atom-rendered\">\n<figure class=\"mejs-fotoh-wrapper\">\n<p><figure style=\"width: 754px\" class=\"wp-caption alignnone\"><img loading=\"lazy\" decoding=\"async\" class=\"img-responsive full full\" title=\"Come\u00e7am as inscri\u00e7\u00f5es para o Enem 2018 \/Marcello Casal Jr.\/Ag\u00eancia Brasil\" src=\"http:\/\/imagens.ebc.com.br\/KzLCJsjlc8tn7UC_EGm5GypeH18=\/754x0\/smart\/http:\/\/agenciabrasil.ebc.com.br\/sites\/default\/files\/thumbnails\/image\/inscricoes_para_o_enem.jpg?itok=E3ejwiC-\" alt=\"Come\u00e7am as inscri\u00e7\u00f5es para o Enem 2018 \" width=\"754\" height=\"503\" \/><figcaption class=\"wp-caption-text\">Inscri\u00e7\u00f5es para o Enem 2018 s\u00e3o feitas pela internet &#8211; Marcello Casal Jr.\/Arquivo Ag\u00eancia Brasil<\/figcaption><\/figure><\/figure>\n<\/div>\n<\/div>\n<p>Com o fim do prazo de inscri\u00e7\u00e3o, tamb\u00e9m fica encerrada a possibilidade de alterar dados cadastrais, o munic\u00edpio onde o estudante quer fazer a prova e a op\u00e7\u00e3o de l\u00edngua estrangeira. Os candidatos que precisarem de atendimento especializado t\u00eam que fazer o pedido no ato da inscri\u00e7\u00e3o.<\/p>\n<p>Para o uso do nome social na prova do Enem, o pedido poder\u00e1 ser feito entre os dias 28 de maio e 3 de junho.<\/p>\n<p>As provas do Enem ser\u00e3o aplicadas em dois domingos, nos dias 4 e 11 de novembro. Os resultados ser\u00e3o divulgados em janeiro.<\/p>\n","protected":false},"excerpt":{"rendered":"<p>Termina hoje (18) \u00e0s 23h59 (hor\u00e1rio de Bras\u00edlia) o prazo para os estudantes se inscreverem&#8230;<\/p>\n","protected":false},"author":1,"featured_media":0,"comment_status":"closed","ping_status":"closed","sticky":false,"template":"","format":"standard","meta":{"footnotes":""},"categories":[10],"tags":[],"class_list":["post-17415","post","type-post","status-publish","format-standard","hentry","category-educacao"],"_links":{"self":[{"href":"https:\/\/www.corumbaonline.com.br\/news\/wp-json\/wp\/v2\/posts\/17415","targetHints":{"allow":["GET"]}}],"collection":[{"href":"https:\/\/www.corumbaonline.com.br\/news\/wp-json\/wp\/v2\/posts"}],"about":[{"href":"https:\/\/www.corumbaonline.com.br\/news\/wp-json\/wp\/v2\/types\/post"}],"author":[{"embeddable":true,"href":"https:\/\/www.corumbaonline.com.br\/news\/wp-json\/wp\/v2\/users\/1"}],"replies":[{"embeddable":true,"href":"https:\/\/www.corumbaonline.com.br\/news\/wp-json\/wp\/v2\/comments?post=17415"}],"version-history":[{"count":1,"href":"https:\/\/www.corumbaonline.com.br\/news\/wp-json\/wp\/v2\/posts\/17415\/revisions"}],"predecessor-version":[{"id":17416,"href":"https:\/\/www.corumbaonline.com.br\/news\/wp-json\/wp\/v2\/posts\/17415\/revisions\/17416"}],"wp:attachment":[{"href":"https:\/\/www.corumbaonline.com.br\/news\/wp-json\/wp\/v2\/media?parent=17415"}],"wp:term":[{"taxonomy":"category","embeddable":true,"href":"https:\/\/www.corumbaonline.com.br\/news\/wp-json\/wp\/v2\/categories?post=17415"},{"taxonomy":"post_tag","embeddable":true,"href":"https:\/\/www.corumbaonline.com.br\/news\/wp-json\/wp\/v2\/tags?post=17415"}],"curies":[{"name":"wp","href":"https:\/\/api.w.org\/{rel}","templated":true}]}}