{"id":17437,"date":"2018-05-18T10:41:25","date_gmt":"2018-05-18T14:41:25","guid":{"rendered":"http:\/\/www.corumbaonline.com.br\/news\/?p=17437"},"modified":"2018-05-18T11:03:26","modified_gmt":"2018-05-18T15:03:26","slug":"dirceu-vai-se-entregar-e-esta-preocupado-com-a-filha-de-7-anos","status":"publish","type":"post","link":"https:\/\/www.corumbaonline.com.br\/news\/dirceu-vai-se-entregar-e-esta-preocupado-com-a-filha-de-7-anos\/","title":{"rendered":"Dirceu vai se entregar e est\u00e1 preocupado com a filha de 7 anos"},"content":{"rendered":"<p>A poucas horas de se entregar \u00e0 Superintend\u00eancia da Pol\u00edcia Federal (PF) em Bras\u00edlia, o ex-ministro Jos\u00e9 Dirceu est\u00e1 \u201cabsolutamente sereno\u201d, por\u00e9m \u201cindignado&#8221;, segundo o deputado distrital Chico Vigilante (PT-DF), que tomou caf\u00e9 da manh\u00e3 com ele nesta sexta-feira (18). O deputado informou ainda que a maior preocupa\u00e7\u00e3o de Dirceu \u00e9 como explicar a situa\u00e7\u00e3o para a filha mais nova, Maria Ant\u00f4nia , de 7 anos. O ex-ministro aproveitou o in\u00edcio da manh\u00e3 para revisar alguns cap\u00edtulos do livro que est\u00e1 finalizando.<\/p>\n<p>\u201cEst\u00e1 revisando um dos cap\u00edtulos do livro dele. Conversou um pouco com a filha pequena, que n\u00e3o foi hoje \u00e0 escola. O cuidado maior que ele tem \u00e9 com a menina. Para a fam\u00edlia, isso j\u00e1 era esperado\u201d, disse o deputado ao deixar o pr\u00e9dio onde Dirceu mora, no bairro do Sudoeste, regi\u00e3o de classe m\u00e9dia alta em Bras\u00edlia.<\/p>\n<p>Chico Vigilante disse que Dirceu cumprir\u00e1 a decis\u00e3o judicial e se entregar\u00e1 \u00e0 PF dentro do prazo, at\u00e9 as 17h de hoje. \u201cEle vai cumprir a decis\u00e3o judicial e recorrer \u00e0s esferas superiores. J\u00e1 que a ju\u00edza [Gabriela Hardt, substituta da 13\u00aa Vara Federal] disse que ele tem de se entregar at\u00e9 as 17h, ele vai se entregar antes das 17h. Sobre cumprir a pena em Curitiba [ou em Bras\u00edlia], cabe aos advogados decidir.\u201d<\/p>\n<p>A ordem para que Dirceu se entregue foi dada pela ju\u00edza substituta do titular S\u00e9rgio Moro, que est\u00e1 fora do pa\u00eds. Ela determinou a execu\u00e7\u00e3o provis\u00f3ria da condena\u00e7\u00e3o de Dirceu a 30 anos e nove meses de pris\u00e3o pelos crimes de corrup\u00e7\u00e3o, lavagem de dinheiro e participa\u00e7\u00e3o em organiza\u00e7\u00e3o criminosa, no \u00e2mbito da Opera\u00e7\u00e3o Lava Jato.<\/p>\n<p><strong>Decis\u00e3o<\/strong><\/p>\n<p>A pris\u00e3o do ex-ministro foi decidida ap\u00f3s o Tribunal Regional Federal da 4\u00aa Regi\u00e3o (TRF4) rejeitar, no in\u00edcio da tarde dessa quinta-feira (17), o \u00faltimo recurso de Dirceu contra a condena\u00e7\u00e3o na segunda inst\u00e2ncia da Justi\u00e7a. Ainda cabe recurso \u00e0s inst\u00e2ncias superiores.<\/p>\n<p>Al\u00e9m de negar o recurso, a Quarta Se\u00e7\u00e3o do TRF4 determinou a imediata comunica\u00e7\u00e3o \u00e0 13\u00aa Vara Federal para que fosse determinada a pris\u00e3o, com base no entendimento do Supremo Tribunal Federal que autoriza a execu\u00e7\u00e3o da pena ap\u00f3s o fim dos recursos na segunda inst\u00e2ncia.<\/p>\n<p><strong>Condena\u00e7\u00e3o<\/strong><\/p>\n<p>Dirceu foi condenado por Moro a 20 anos e 10 meses de pris\u00e3o em maio de 2016. Em setembro do ano passado, o TRF4 aumentou a pena para 30 anos e nove meses. A pena foi agravada devido ao fato de o ex-ministro j\u00e1 ter sido condenado por corrup\u00e7\u00e3o na A\u00e7\u00e3o Penal 470, o processo do mensal\u00e3o.<\/p>\n","protected":false},"excerpt":{"rendered":"<p>A poucas horas de se entregar \u00e0 Superintend\u00eancia da Pol\u00edcia Federal (PF) em Bras\u00edlia, o&#8230;<\/p>\n","protected":false},"author":1,"featured_media":0,"comment_status":"closed","ping_status":"closed","sticky":false,"template":"","format":"standard","meta":{"footnotes":""},"categories":[19],"tags":[],"class_list":["post-17437","post","type-post","status-publish","format-standard","hentry","category-politica"],"_links":{"self":[{"href":"https:\/\/www.corumbaonline.com.br\/news\/wp-json\/wp\/v2\/posts\/17437","targetHints":{"allow":["GET"]}}],"collection":[{"href":"https:\/\/www.corumbaonline.com.br\/news\/wp-json\/wp\/v2\/posts"}],"about":[{"href":"https:\/\/www.corumbaonline.com.br\/news\/wp-json\/wp\/v2\/types\/post"}],"author":[{"embeddable":true,"href":"https:\/\/www.corumbaonline.com.br\/news\/wp-json\/wp\/v2\/users\/1"}],"replies":[{"embeddable":true,"href":"https:\/\/www.corumbaonline.com.br\/news\/wp-json\/wp\/v2\/comments?post=17437"}],"version-history":[{"count":1,"href":"https:\/\/www.corumbaonline.com.br\/news\/wp-json\/wp\/v2\/posts\/17437\/revisions"}],"predecessor-version":[{"id":17438,"href":"https:\/\/www.corumbaonline.com.br\/news\/wp-json\/wp\/v2\/posts\/17437\/revisions\/17438"}],"wp:attachment":[{"href":"https:\/\/www.corumbaonline.com.br\/news\/wp-json\/wp\/v2\/media?parent=17437"}],"wp:term":[{"taxonomy":"category","embeddable":true,"href":"https:\/\/www.corumbaonline.com.br\/news\/wp-json\/wp\/v2\/categories?post=17437"},{"taxonomy":"post_tag","embeddable":true,"href":"https:\/\/www.corumbaonline.com.br\/news\/wp-json\/wp\/v2\/tags?post=17437"}],"curies":[{"name":"wp","href":"https:\/\/api.w.org\/{rel}","templated":true}]}}