{"id":17507,"date":"2018-05-21T10:21:30","date_gmt":"2018-05-21T14:21:30","guid":{"rendered":"http:\/\/www.corumbaonline.com.br\/news\/?p=17507"},"modified":"2018-05-21T10:22:45","modified_gmt":"2018-05-21T14:22:45","slug":"centro-de-inovacao-do-sesi-de-ms-cria-reconhecimento-facial-para-gestao-da-saude-e-seguranca-em-ambientes-quentes-ou-frios","status":"publish","type":"post","link":"https:\/\/www.corumbaonline.com.br\/news\/centro-de-inovacao-do-sesi-de-ms-cria-reconhecimento-facial-para-gestao-da-saude-e-seguranca-em-ambientes-quentes-ou-frios\/","title":{"rendered":"Centro de Inova\u00e7\u00e3o do Sesi de MS cria reconhecimento facial para gest\u00e3o da sa\u00fade e seguran\u00e7a em ambientes quentes ou frios"},"content":{"rendered":"<p>Na quarta reportagem da s\u00e9rie especial sobre o Centro de Inova\u00e7\u00e3o \u2013 Sistemas de Gest\u00e3o em Sa\u00fade e Seguran\u00e7a do Trabalho do Sesi de Mato Grosso do Sul, que ser\u00e1 inaugurado pelo presidente da Fiems, S\u00e9rgio Longen, no dia 25 de maio, em Campo Grande, vamos apresentar mais uma solu\u00e7\u00e3o inovadora desenvolvida pela equipe t\u00e9cnica \u2013 o software Gest\u00e3o Anal\u00edtica em SST que, utilizando o reconhecimento facial, vai aumentar a seguran\u00e7a no ambiente de trabalho e melhorar a sa\u00fade do trabalhador da ind\u00fastria.<\/p>\n<p>Imagine o seguinte cen\u00e1rio: em um supermercado, um grupo de funcion\u00e1rios \u00e9 respons\u00e1vel por repor produtos congelados nos refrigeradores. Eles entram na c\u00e2mara fria do estabelecimento v\u00e1rias vezes durante o expediente, um ambiente frio que exige uma s\u00e9rie de cuidados, como intervalo para recupera\u00e7\u00e3o t\u00e9rmica e uso de equipamento de prote\u00e7\u00e3o individual adequado. Mas, como assegurar que cada um destes trabalhadores, sempre que adentram as c\u00e2maras frigor\u00edficas e movimentam as mercadorias, est\u00e3o usando adequadamente todos os EPIs cedidos pela empresa? Como controlar se todos cumpriam o tempo m\u00e1ximo de perman\u00eancia orientado pelo empregador e preconizado na legisla\u00e7\u00e3o?<\/p>\n<p>Depois de identificar estas quest\u00f5es referentes \u00e0 sa\u00fade do trabalhador, o Centro de Inova\u00e7\u00e3o do Sesi de Mato Grosso do Sul desenvolveu o software Gest\u00e3o Anal\u00edtica em SST. \u201cEste foi um problema que identificamos nas ind\u00fastrias com ambientes artificialmente climatizados, podendo ser tanto frio, como frigor\u00edficos e c\u00e2maras frias, quanto em lugares quentes, como sider\u00fargicas e, por isso, pensamos em uma forma de resolv\u00ea-lo\u201d, afirma a diretora de SST do Sesi, a m\u00e9dica do trabalho Adriana Rossignoli Sato. \u201cEsta \u00e9 justamente a miss\u00e3o do Centro de Inova\u00e7\u00e3o, desenvolver solu\u00e7\u00f5es e melhorar a gest\u00e3o em SST nas empresas\u201d, completa.<\/p>\n<p><strong>Software<\/strong><\/p>\n<p>&nbsp;<\/p>\n<p>Por meio de um programa de reconhecimento facial, o software do Centro de Inova\u00e7\u00e3o, associado a termostatos, permitir\u00e1 a empresa ter acesso a uma s\u00e9rie de informa\u00e7\u00f5es para fazer a gest\u00e3o correta da sa\u00fade e seguran\u00e7a do trabalhador. \u201cO empregador saber\u00e1 quem entrou na c\u00e2mara fria, que horas entrou, quanto tempo permaneceu ali, qual a temperatura ambiente no momento de perman\u00eancia, quais equipamentos de prote\u00e7\u00e3o o trabalhador usava ao entrar\u201d, explica o engenheiro da computa\u00e7\u00e3o do Centro de Inova\u00e7\u00e3o, Whesley Dami\u00e3o da Silva Duarte, que lidera o projeto Gest\u00e3o Anal\u00edtica em SST.<\/p>\n<p>&nbsp;<\/p>\n<p>Al\u00e9m destas informa\u00e7\u00f5es, o software tem as seguintes fun\u00e7\u00f5es para as ind\u00fastrias:<\/p>\n<ul>\n<li>Identificar a utiliza\u00e7\u00e3o de EPIs;<\/li>\n<li>Identifica\u00e7\u00e3o e acesso a \u00e1reas de risco de acordo com as qualifica\u00e7\u00f5es profissionais e permiss\u00f5es, prevenindo poss\u00edveis desvios de fun\u00e7\u00e3o;<\/li>\n<li>Gerenciar pausas obrigat\u00f3rias para atividades em ambientes artificialmente climatizados para recupera\u00e7\u00e3o psicofisiol\u00f3gica;<\/li>\n<li>Gerenciar fatores de risco (ru\u00eddo, temperatura, fuma\u00e7a, gases t\u00f3xicos, etc.) monitorando quantidade e tempo de exposi\u00e7\u00e3o;<\/li>\n<li>Identificar incidentes, acidentes, ou situa\u00e7\u00f5es de emerg\u00eancia que possam afetar tanto os trabalhadores quanto o processo produtivo.<\/li>\n<\/ul>\n<p><strong>O Centro de Inova\u00e7\u00e3o<\/strong><\/p>\n<p>As pesquisas do Centro de Inova\u00e7\u00e3o s\u00e3o realizadas em Campo Grande para atender a ind\u00fastria nacional desde 2016 e, a partir do dia 25, ganhar\u00e1 um ambiente prop\u00edcio para disponibiliza-las \u00e0 ind\u00fastria de todo o Pa\u00eds. O espa\u00e7o, localizado na Avenida Afonso, entre as ruas 13 de junho e 25 de dezembro, conta com um projeto arquitet\u00f4nico arrojado, que faz jus ao prop\u00f3sito inovador do centro.<\/p>\n<p>Com 1,2 mil m\u00b2 de \u00e1rea constru\u00edda, e estrutura \u00e9 distribu\u00edda em tr\u00eas pavimentos, e conta com dois consult\u00f3rios, dois audit\u00f3rios, duas salas de treinamento, uma sala de opera\u00e7\u00e3o com 22 postos de trabalho, uma sala de inova\u00e7\u00e3o com 13 postos de trabalho, uma sala de ger\u00eancia, uma sala de coordenador, uma sala com seis postos de trabalho e estacionamento para 18 vagas, duas para deficientes e duas para idosos. O espa\u00e7o recebeu investimentos de R$ 7 milh\u00f5es, entre edifica\u00e7\u00e3o do espa\u00e7o e aquisi\u00e7\u00e3o de mobili\u00e1rio.<\/p>\n<p>O centro faz parte de um projeto nacional do Sesi para aumentar a seguran\u00e7a no ambiente de trabalho e melhorar a sa\u00fade do trabalhador da ind\u00fastria por meio de solu\u00e7\u00f5es inovadoras. Ao todo, foram criados oitos centros de inova\u00e7\u00e3o, todos voltados a desenvolver pesquisa aplicada e solu\u00e7\u00f5es em SST para que sejam replicadas por toda a ind\u00fastria brasileira, tratando de temas estrat\u00e9gicos &#8211; Preven\u00e7\u00e3o da Incapacidade (Bahia), Economia para a Sa\u00fade e Seguran\u00e7a (Cear\u00e1), Ergonomia (Minas Gerais), Longevidade e Produtividade (Paran\u00e1), Higiene Ocupacional (Rio de Janeiro), Fatores Psicossociais (Rio Grande do Sul) e Tecnologias para Sa\u00fade (Santa Catarina).<\/p>\n","protected":false},"excerpt":{"rendered":"<p>Na quarta reportagem da s\u00e9rie especial sobre o Centro de Inova\u00e7\u00e3o \u2013 Sistemas de Gest\u00e3o&#8230;<\/p>\n","protected":false},"author":1,"featured_media":17509,"comment_status":"closed","ping_status":"closed","sticky":false,"template":"","format":"standard","meta":{"footnotes":""},"categories":[22],"tags":[],"class_list":["post-17507","post","type-post","status-publish","format-standard","has-post-thumbnail","hentry","category-tecnologia"],"_links":{"self":[{"href":"https:\/\/www.corumbaonline.com.br\/news\/wp-json\/wp\/v2\/posts\/17507","targetHints":{"allow":["GET"]}}],"collection":[{"href":"https:\/\/www.corumbaonline.com.br\/news\/wp-json\/wp\/v2\/posts"}],"about":[{"href":"https:\/\/www.corumbaonline.com.br\/news\/wp-json\/wp\/v2\/types\/post"}],"author":[{"embeddable":true,"href":"https:\/\/www.corumbaonline.com.br\/news\/wp-json\/wp\/v2\/users\/1"}],"replies":[{"embeddable":true,"href":"https:\/\/www.corumbaonline.com.br\/news\/wp-json\/wp\/v2\/comments?post=17507"}],"version-history":[{"count":1,"href":"https:\/\/www.corumbaonline.com.br\/news\/wp-json\/wp\/v2\/posts\/17507\/revisions"}],"predecessor-version":[{"id":17508,"href":"https:\/\/www.corumbaonline.com.br\/news\/wp-json\/wp\/v2\/posts\/17507\/revisions\/17508"}],"wp:featuredmedia":[{"embeddable":true,"href":"https:\/\/www.corumbaonline.com.br\/news\/wp-json\/wp\/v2\/media\/17509"}],"wp:attachment":[{"href":"https:\/\/www.corumbaonline.com.br\/news\/wp-json\/wp\/v2\/media?parent=17507"}],"wp:term":[{"taxonomy":"category","embeddable":true,"href":"https:\/\/www.corumbaonline.com.br\/news\/wp-json\/wp\/v2\/categories?post=17507"},{"taxonomy":"post_tag","embeddable":true,"href":"https:\/\/www.corumbaonline.com.br\/news\/wp-json\/wp\/v2\/tags?post=17507"}],"curies":[{"name":"wp","href":"https:\/\/api.w.org\/{rel}","templated":true}]}}