{"id":17522,"date":"2018-05-21T11:47:12","date_gmt":"2018-05-21T15:47:12","guid":{"rendered":"http:\/\/www.corumbaonline.com.br\/news\/?p=17522"},"modified":"2018-05-21T11:23:23","modified_gmt":"2018-05-21T15:23:23","slug":"com-simulacao-de-acidente-agetrat-reforca-orientacao-para-transito-seguro","status":"publish","type":"post","link":"https:\/\/www.corumbaonline.com.br\/news\/com-simulacao-de-acidente-agetrat-reforca-orientacao-para-transito-seguro\/","title":{"rendered":"Com simula\u00e7\u00e3o de acidente, Agetrat refor\u00e7a orienta\u00e7\u00e3o para tr\u00e2nsito seguro"},"content":{"rendered":"<p>Simula\u00e7\u00e3o de um acidente de tr\u00e2nsito no cruzamento das ruas Frei Mariano e 13 de Junho, \u00e1rea central de Corumb\u00e1, alertou sobre a necessidade de respeitar a sinaliza\u00e7\u00e3o de tr\u00e2nsito. A atividade, realizada na manh\u00e3 desta segunda-feira, 21 de maio, integrou as a\u00e7\u00f5es da campanha Maio Amarelo. Equipes do 3\u00b0 Grupamento de Bombeiros Militar e do 6\u00b0 Batalh\u00e3o de Pol\u00edcia Militar participaram da a\u00e7\u00e3o.<\/p>\n<p>&nbsp;<\/p>\n<p>\u201cBuscamos mostrar para as pessoas o impacto que \u00e9 o acidente de tr\u00e2nsito, para que tenham sensibilidade cada vez maior e busquem, sempre, evitar o acidente\u201d, disse o diretor-executivo da Ag\u00eancia Municipal de Tr\u00e2nsito e Transporte (Agetra), Cleiton Douglas da Silva.<\/p>\n<p>&nbsp;<\/p>\n<p>Aberta oficialmente no dia, 02 de maio, pela Prefeitura de Corumb\u00e1, a campanha \u201cMaio Amarelo 2018 \u2013 N\u00f3s Somos o Tr\u00e2nsito\u201d tamb\u00e9m promoveu a instala\u00e7\u00e3o de faixas, nos principais cruzamentos vi\u00e1rios da cidade, com orienta\u00e7\u00f5es sobre as leis de tr\u00e2nsito.<\/p>\n<p>&nbsp;<\/p>\n<p>Al\u00e9m das faixas, um enorme la\u00e7o amarelo foi colocado no cruzamento da avenida General Rondon com a rua Frei Mariano, o objeto que mede quase 3 metros e pesa 70 quilos \u00e9 imponente e chama aten\u00e7\u00e3o por sua cor amarela. Todos que passam no local percebem e relembram a import\u00e2ncia desse m\u00eas dentro da seguran\u00e7a no tr\u00e2nsito.<\/p>\n<p>&nbsp;<\/p>\n<p>A iniciativa do Maio Amarelo \u00e9 coordenada entre Poder P\u00fablico e sociedade civil, a iniciativa busca mobilizar a popula\u00e7\u00e3o em torno da quest\u00e3o da seguran\u00e7a vi\u00e1ria e propagar a conscientiza\u00e7\u00e3o em torno de um tr\u00e2nsito seguro para pedestres e condutores.<\/p>\n<p>&nbsp;<\/p>\n<p>O objetivo do \u201cMaio Amarelo\u201d \u00e9 lembrar as pessoas de algumas regras b\u00e1sicas e fazer com que respeitem a legisla\u00e7\u00e3o de tr\u00e2nsito. Busca a campanha refor\u00e7ar a necessidade de respeitar normas simples e cotidianas de tr\u00e2nsito como, por exemplo, o pedestre atravessar na faixa; o motociclista n\u00e3o se espremer por entre os carros os carros ou fazer ultrapassagens arriscadas e jamais dirigir depois de ter ingerido bebida alco\u00f3lica.<\/p>\n<p><strong>Maio Amarelo<\/strong><\/p>\n<p>&nbsp;<\/p>\n<p>O Maio Amarelo \u00e9 um movimento internacional de conscientiza\u00e7\u00e3o para redu\u00e7\u00e3o de acidentes de tr\u00e2nsito. O tr\u00e2nsito deve ser seguro para todos em qualquer situa\u00e7\u00e3o. Porque maio? Foi uma proposta da ONU quando decretou a d\u00e9cada de a\u00e7\u00e3o para seguran\u00e7a no tr\u00e2nsito em 11 de maio de 2011. Porque amarelo? A cor amarela foi escolhida por ser a cor da advert\u00eancia no tr\u00e2nsito, sinal de alerta aos motoristas.<\/p>\n","protected":false},"excerpt":{"rendered":"<p>Simula\u00e7\u00e3o de um acidente de tr\u00e2nsito no cruzamento das ruas Frei Mariano e 13 de&#8230;<\/p>\n","protected":false},"author":1,"featured_media":17523,"comment_status":"closed","ping_status":"closed","sticky":false,"template":"","format":"standard","meta":{"footnotes":""},"categories":[8,14],"tags":[],"class_list":["post-17522","post","type-post","status-publish","format-standard","has-post-thumbnail","hentry","category-destaque","category-geral"],"_links":{"self":[{"href":"https:\/\/www.corumbaonline.com.br\/news\/wp-json\/wp\/v2\/posts\/17522","targetHints":{"allow":["GET"]}}],"collection":[{"href":"https:\/\/www.corumbaonline.com.br\/news\/wp-json\/wp\/v2\/posts"}],"about":[{"href":"https:\/\/www.corumbaonline.com.br\/news\/wp-json\/wp\/v2\/types\/post"}],"author":[{"embeddable":true,"href":"https:\/\/www.corumbaonline.com.br\/news\/wp-json\/wp\/v2\/users\/1"}],"replies":[{"embeddable":true,"href":"https:\/\/www.corumbaonline.com.br\/news\/wp-json\/wp\/v2\/comments?post=17522"}],"version-history":[{"count":1,"href":"https:\/\/www.corumbaonline.com.br\/news\/wp-json\/wp\/v2\/posts\/17522\/revisions"}],"predecessor-version":[{"id":17524,"href":"https:\/\/www.corumbaonline.com.br\/news\/wp-json\/wp\/v2\/posts\/17522\/revisions\/17524"}],"wp:featuredmedia":[{"embeddable":true,"href":"https:\/\/www.corumbaonline.com.br\/news\/wp-json\/wp\/v2\/media\/17523"}],"wp:attachment":[{"href":"https:\/\/www.corumbaonline.com.br\/news\/wp-json\/wp\/v2\/media?parent=17522"}],"wp:term":[{"taxonomy":"category","embeddable":true,"href":"https:\/\/www.corumbaonline.com.br\/news\/wp-json\/wp\/v2\/categories?post=17522"},{"taxonomy":"post_tag","embeddable":true,"href":"https:\/\/www.corumbaonline.com.br\/news\/wp-json\/wp\/v2\/tags?post=17522"}],"curies":[{"name":"wp","href":"https:\/\/api.w.org\/{rel}","templated":true}]}}