{"id":17527,"date":"2018-05-21T14:30:53","date_gmt":"2018-05-21T18:30:53","guid":{"rendered":"http:\/\/www.corumbaonline.com.br\/news\/?p=17527"},"modified":"2018-05-21T14:37:36","modified_gmt":"2018-05-21T18:37:36","slug":"nos-60-anos-da-oab-em-corumba-marcelo-iunes-ressalta-importancia-da-instituicao","status":"publish","type":"post","link":"https:\/\/www.corumbaonline.com.br\/news\/nos-60-anos-da-oab-em-corumba-marcelo-iunes-ressalta-importancia-da-instituicao\/","title":{"rendered":"Nos 60 anos da OAB em Corumb\u00e1, Marcelo Iunes ressalta import\u00e2ncia da institui\u00e7\u00e3o"},"content":{"rendered":"<p>\u201cA OAB (Ordem dos Advogados do Brasil) \u00e9 um dos baluartes da nossa democracia, sempre acompanhando de perto os grandes e importantes momentos da sociedade protegendo-a dos abusos e empenhada em trazer sempre a luz do Direito para um pa\u00eds que n\u00e3o tolera mais a corrup\u00e7\u00e3o, a impunidade, a injusti\u00e7a\u201d.<\/p>\n<p>&nbsp;<\/p>\n<p>A afirma\u00e7\u00e3o \u00e9 do prefeito Marcelo Iunes, feita durante a celebra\u00e7\u00e3o dos 60 anos da Subsec\u00e7\u00e3o de Corumb\u00e1 da Ordem dos Advogados do Brasil. O chefe do Executivo municipal ressaltou a import\u00e2ncia hist\u00f3ria da OAB na cidade, a mais antiga do Estado. \u201cA luta contra a injusti\u00e7a \u00e9 o principal dever da classe destes nobres profissionais \u2013 que lutam diariamente pelo direito que todos tem, sem exce\u00e7\u00f5es \u2013 de ter um julgamento justo\u201d, complementou.<\/p>\n<p>&nbsp;<\/p>\n<p>\u201cEu sou muito grato por estarmos todos aqui, gra\u00e7as ao nosso Bom Deus, por Ele nos proporcionar este momento. E \u00e9 para Ele que rogo que a Justi\u00e7a sempre proteja a nossa cidade com seu manto sagrado, e que a OAB Corumb\u00e1 continue tendo uma longa e pr\u00f3spera hist\u00f3ria, sob o comando de homens e mulheres valorosos, \u00edntegros, de retid\u00e3o incondicional, p\u00e1ra que continuem inspirando novas gera\u00e7\u00f5es do Direito\u201d, completou Marcelo Iunes.<\/p>\n<p>&nbsp;<\/p>\n<p>O presidente da Subsec\u00e7\u00e3o de Corumb\u00e1 da OAB, Roberto Ajala Lins, destacou a import\u00e2ncia de cada presidente que passou pela institui\u00e7\u00e3o para a consolida\u00e7\u00e3o da OAB na regi\u00e3o. J\u00e1 o presidente da Ordem em Mato Grosso do Sul, Mansour Elias Karmouche, lembrou que \u201c60 anos representa a hist\u00f3ria de uma vida inteira\u201d e que \u201cCorumb\u00e1 possui uma energia que contagia, encanta e transforma em m\u00e1gica essa comemora\u00e7\u00e3o dos 60 anos da Seccional\u201d.<\/p>\n<p>&nbsp;<\/p>\n<p>Karmouche tamb\u00e9m apontou a responsabilidade da OAB na manuten\u00e7\u00e3o dos direitos do cidad\u00e3o, principalmente em \u00e9pocas de crise. Advogados de diversas institui\u00e7\u00f5es tamb\u00e9m participaram do evento, realizado na noite da sexta-feira, 18 de maio, no Centro de Conven\u00e7\u00f5es do Pantanal.<\/p>\n","protected":false},"excerpt":{"rendered":"<p>\u201cA OAB (Ordem dos Advogados do Brasil) \u00e9 um dos baluartes da nossa democracia, sempre&#8230;<\/p>\n","protected":false},"author":1,"featured_media":17528,"comment_status":"closed","ping_status":"closed","sticky":false,"template":"","format":"standard","meta":{"footnotes":""},"categories":[8,14],"tags":[],"class_list":["post-17527","post","type-post","status-publish","format-standard","has-post-thumbnail","hentry","category-destaque","category-geral"],"_links":{"self":[{"href":"https:\/\/www.corumbaonline.com.br\/news\/wp-json\/wp\/v2\/posts\/17527","targetHints":{"allow":["GET"]}}],"collection":[{"href":"https:\/\/www.corumbaonline.com.br\/news\/wp-json\/wp\/v2\/posts"}],"about":[{"href":"https:\/\/www.corumbaonline.com.br\/news\/wp-json\/wp\/v2\/types\/post"}],"author":[{"embeddable":true,"href":"https:\/\/www.corumbaonline.com.br\/news\/wp-json\/wp\/v2\/users\/1"}],"replies":[{"embeddable":true,"href":"https:\/\/www.corumbaonline.com.br\/news\/wp-json\/wp\/v2\/comments?post=17527"}],"version-history":[{"count":1,"href":"https:\/\/www.corumbaonline.com.br\/news\/wp-json\/wp\/v2\/posts\/17527\/revisions"}],"predecessor-version":[{"id":17529,"href":"https:\/\/www.corumbaonline.com.br\/news\/wp-json\/wp\/v2\/posts\/17527\/revisions\/17529"}],"wp:featuredmedia":[{"embeddable":true,"href":"https:\/\/www.corumbaonline.com.br\/news\/wp-json\/wp\/v2\/media\/17528"}],"wp:attachment":[{"href":"https:\/\/www.corumbaonline.com.br\/news\/wp-json\/wp\/v2\/media?parent=17527"}],"wp:term":[{"taxonomy":"category","embeddable":true,"href":"https:\/\/www.corumbaonline.com.br\/news\/wp-json\/wp\/v2\/categories?post=17527"},{"taxonomy":"post_tag","embeddable":true,"href":"https:\/\/www.corumbaonline.com.br\/news\/wp-json\/wp\/v2\/tags?post=17527"}],"curies":[{"name":"wp","href":"https:\/\/api.w.org\/{rel}","templated":true}]}}