{"id":17530,"date":"2018-05-21T15:25:03","date_gmt":"2018-05-21T19:25:03","guid":{"rendered":"http:\/\/www.corumbaonline.com.br\/news\/?p=17530"},"modified":"2018-05-21T15:25:03","modified_gmt":"2018-05-21T19:25:03","slug":"vice-governadora-recebe-ex-ministro-aldo-rebelo-e-trata-de-seguranca-na-fronteira","status":"publish","type":"post","link":"https:\/\/www.corumbaonline.com.br\/news\/vice-governadora-recebe-ex-ministro-aldo-rebelo-e-trata-de-seguranca-na-fronteira\/","title":{"rendered":"Vice-governadora recebe ex-ministro Aldo Rebelo e trata de seguran\u00e7a na fronteira"},"content":{"rendered":"<p>A vice-governadora Rose Modesto recebeu na manh\u00e3 desta segunda-feira (21.5), em seu gabinete na Governadoria, o ex-ministro da Defesa e deputado federal Aldo Rebelo, que cumpre agenda em Campo Grande. No encontro foram tratadas quest\u00f5es nacionais que refletem ao Mato Grosso do Sul, como a necessidade de apoio da Uni\u00e3o para blindar as fronteiras sul-mato-grossenses.<\/p>\n<p>\u201cA quest\u00e3o da seguran\u00e7a \u00e9 muito emblem\u00e1tica para n\u00f3s aqui. Temos duas fronteiras secas, com o Paraguai e a Bol\u00edvia, e o tr\u00e1fico de drogas ocorre pelo ch\u00e3o, pelo ar, pelos rios. Se n\u00f3s tiv\u00e9ssemos maior presen\u00e7a das for\u00e7as federais na nossa fronteira diminuiria isso\u201d, afirmou a vice-governadora.<\/p>\n<p>Ela tratou tamb\u00e9m da cust\u00f3dia da popula\u00e7\u00e3o carcer\u00e1ria que onera o Estado. \u201cEsse \u00e9 um problema ser\u00edssimo para n\u00f3s porque os presos transnacionais que ficam aqui elevam nossa despesa com a seguran\u00e7a. N\u00f3s temos uma popula\u00e7\u00e3o carcer\u00e1ria de cerca de 15 mil detentos e cerca de 50% deles deveriam ser custeados pela Uni\u00e3o. Isso custa R$ 140 milh\u00f5es ano para manter esses presos, tivemos que entrar na Justi\u00e7a para n\u00e3o termos mais que arcar com essa despesa\u201d\u2019, detalhou.<\/p>\n<div id=\"attachment_224825\" class=\"wp-caption alignnone\"><a href=\"http:\/\/www.ms.gov.br\/wp-content\/uploads\/sites\/150\/2018\/05\/9C8ED1F4-28A8-4661-8940-EAFCE1CEA892.jpeg\"><img loading=\"lazy\" decoding=\"async\" class=\"wp-image-224825 size-large\" src=\"http:\/\/www.ms.gov.br\/wp-content\/uploads\/sites\/150\/2018\/05\/9C8ED1F4-28A8-4661-8940-EAFCE1CEA892-1024x682.jpeg\" sizes=\"auto, (max-width: 1024px) 100vw, 1024px\" srcset=\"http:\/\/www.ms.gov.br\/wp-content\/uploads\/sites\/150\/2018\/05\/9C8ED1F4-28A8-4661-8940-EAFCE1CEA892-1024x682.jpeg 1024w, http:\/\/www.ms.gov.br\/wp-content\/uploads\/sites\/150\/2018\/05\/9C8ED1F4-28A8-4661-8940-EAFCE1CEA892-300x200.jpeg 300w, http:\/\/www.ms.gov.br\/wp-content\/uploads\/sites\/150\/2018\/05\/9C8ED1F4-28A8-4661-8940-EAFCE1CEA892-768x512.jpeg 768w, http:\/\/www.ms.gov.br\/wp-content\/uploads\/sites\/150\/2018\/05\/9C8ED1F4-28A8-4661-8940-EAFCE1CEA892.jpeg 1280w\" alt=\"\" width=\"1024\" height=\"682\" \/><\/a><\/p>\n<p class=\"wp-caption-text\"><em>No encontro foram tratadas quest\u00f5es nacionais que refletem ao MS, como a necessidade de apoio da Uni\u00e3o para blindar as fronteiras.<\/em><\/p>\n<\/div>\n<p>Para o deputado federal, o Governo ter\u00e1 de investir cada vez mais em tecnologia voltada para a seguran\u00e7a como forma de driblar as dificuldades, como as dimens\u00f5es da fronteira brasileira. \u201cO Brasil tem 17 mil quil\u00f4metros de fronteira, somente com a Bol\u00edvia s\u00e3o 3,7 mil. Por isso, teremos que usar cada vez mais intelig\u00eancia e tecnologia para conseguir proteger toda essa extens\u00e3o\u201d, afirmou.<\/p>\n<p>Ele destacou o monitoramento por v\u00eddeo que j\u00e1 vem sendo feito em diversas cidades de MS como forma de driblar as dificuldades. \u201cQualquer infra\u00e7\u00e3o que voc\u00ea identificar na placa pela c\u00e2mera permite que a abordagem seja feita em cinco minutos. Executamos opera\u00e7\u00f5es para testar e a efici\u00eancia desse sistema \u00e9 muito grande\u201d, destacou o ex-ministro da Defesa sobre o Sistema Integrado de Monitoramento de Fronteiras (Sisfron), nacional e cuja implanta\u00e7\u00e3o foi iniciada por Mato Grosso do Sul na fronteira com o Paraguai.<\/p>\n<p><b>Agenda em MS<\/b><\/p>\n<p>Na visita, Aldo Rebelo disse ter afinidade com Mato Grosso do Sul e a Capital. \u201cDesde a \u00e9poca de estudante vinha a Campo Grande. Como ministro de quatro minist\u00e9rios diferentes sempre vim aqui. E Mato Grosso do Sul est\u00e1 situado entre duas fronteiras de desenvolvimento: a agropecu\u00e1ria e a mineral\u201d, afirmou ele, destacando que esse potencial deve ser cada vez estimulado.<\/p>\n","protected":false},"excerpt":{"rendered":"<p>A vice-governadora Rose Modesto recebeu na manh\u00e3 desta segunda-feira (21.5), em seu gabinete na Governadoria,&#8230;<\/p>\n","protected":false},"author":1,"featured_media":0,"comment_status":"closed","ping_status":"closed","sticky":false,"template":"","format":"standard","meta":{"footnotes":""},"categories":[19],"tags":[],"class_list":["post-17530","post","type-post","status-publish","format-standard","hentry","category-politica"],"_links":{"self":[{"href":"https:\/\/www.corumbaonline.com.br\/news\/wp-json\/wp\/v2\/posts\/17530","targetHints":{"allow":["GET"]}}],"collection":[{"href":"https:\/\/www.corumbaonline.com.br\/news\/wp-json\/wp\/v2\/posts"}],"about":[{"href":"https:\/\/www.corumbaonline.com.br\/news\/wp-json\/wp\/v2\/types\/post"}],"author":[{"embeddable":true,"href":"https:\/\/www.corumbaonline.com.br\/news\/wp-json\/wp\/v2\/users\/1"}],"replies":[{"embeddable":true,"href":"https:\/\/www.corumbaonline.com.br\/news\/wp-json\/wp\/v2\/comments?post=17530"}],"version-history":[{"count":1,"href":"https:\/\/www.corumbaonline.com.br\/news\/wp-json\/wp\/v2\/posts\/17530\/revisions"}],"predecessor-version":[{"id":17532,"href":"https:\/\/www.corumbaonline.com.br\/news\/wp-json\/wp\/v2\/posts\/17530\/revisions\/17532"}],"wp:attachment":[{"href":"https:\/\/www.corumbaonline.com.br\/news\/wp-json\/wp\/v2\/media?parent=17530"}],"wp:term":[{"taxonomy":"category","embeddable":true,"href":"https:\/\/www.corumbaonline.com.br\/news\/wp-json\/wp\/v2\/categories?post=17530"},{"taxonomy":"post_tag","embeddable":true,"href":"https:\/\/www.corumbaonline.com.br\/news\/wp-json\/wp\/v2\/tags?post=17530"}],"curies":[{"name":"wp","href":"https:\/\/api.w.org\/{rel}","templated":true}]}}