{"id":17557,"date":"2018-05-22T09:00:03","date_gmt":"2018-05-22T13:00:03","guid":{"rendered":"http:\/\/www.corumbaonline.com.br\/news\/?p=17557"},"modified":"2018-05-22T09:10:20","modified_gmt":"2018-05-22T13:10:20","slug":"lula-prepara-pre-candidatura-a-presidencia-da-republica-para-o-dia-27","status":"publish","type":"post","link":"https:\/\/www.corumbaonline.com.br\/news\/lula-prepara-pre-candidatura-a-presidencia-da-republica-para-o-dia-27\/","title":{"rendered":"Lula prepara pr\u00e9-candidatura \u00e0 Presid\u00eancia da Rep\u00fablica para o dia 27"},"content":{"rendered":"<p>Preso na Superintend\u00eancia da Pol\u00edcia Federal em Curitiba desde 7 de abril, o ex-presidente Luiz In\u00e1cio Lula da Silva pretende lan\u00e7ar sua pr\u00e9-candidatura no pr\u00f3ximo domingo (27). A informa\u00e7\u00e3o \u00e9 do deputado federal Wadih Damous (PT-RJ) que visitou Lula nesta segunda-feira (21), na capital paranaense.<\/p>\n<div class=\"dnd-widget-wrapper context-grande_6colunas type-image atom-align-left\">\n<div class=\"dnd-atom-rendered\">\n<figure class=\"mejs-fotoh-wrapper\">\n<p><figure style=\"width: 463px\" class=\"wp-caption alignnone\"><img loading=\"lazy\" decoding=\"async\" class=\"img-responsive full full\" title=\"Bras\u00edlia - Para o deputado Wadih Damous, a reconhecida habilidade do ex-presidente Lula de dialogar e formar consensos vai ajudar o governo a superar as in\u00fameras dificuldades com a base aliada, especialmente com o PMDB  (Antonio Cruz\/Antonio Cruz\/ Ag\u00eancia Brasil\" src=\"http:\/\/imagens.ebc.com.br\/3O7g1Iz8dnQngtLNwrR6_6IlirE=\/463x0\/smart\/http:\/\/agenciabrasil.ebc.com.br\/sites\/default\/files\/atoms\/image\/1006308-df_dsc_3906.jpg?itok=cUHkpjEX\" alt=\"Bras\u00edlia - Para o deputado Wadih Damous, a reconhecida habilidade do ex-presidente Lula de dialogar e formar consensos vai ajudar o governo a superar as in\u00fameras dificuldades com a base aliada, especialmente com o PMDB  (Antonio Cruz\" width=\"463\" height=\"308\" \/><figcaption class=\"wp-caption-text\">O deputado Wadih Damous visitou o ex-presidente Lula na sede da PF em Curitiba (Arquivo\/Ag\u00eancia Brasil)<\/figcaption><\/figure><\/figure>\n<\/div>\n<\/div>\n<p>\u201cO [ex-] presidente Lula est\u00e1 bem, de excelente humor, bem agasalhado e fazendo exerc\u00edcios\u201d, afirmou Damous ap\u00f3s a primeira visita ao ex-presidente. \u201cMas est\u00e1 indignado com a situa\u00e7\u00e3o de injusti\u00e7a que perdura contra ele h\u00e1 mais de 40 dias. Ele quer ver sua inoc\u00eancia provada.\u201d<\/p>\n<p>Damous disse ainda que o PT prepara a\u00e7\u00f5es em cerca de 3 mil cidades nas quais o partido est\u00e1 organizado para fazer o lan\u00e7amento da pr\u00e9-candidatura de Lula. \u201cN\u00e3o importa que cada ato tenha 500 pessoas. O que importa \u00e9 o somat\u00f3rio. O importante \u00e9 deixar claro que o presidente Lula \u00e9 o nosso candidato\u201d, disse o deputado.<\/p>\n<p>Ex-presidente da Seccional da Ordem dos Advogados dp Brasil (OAB) no Rio de Janeiro, Damous acrescentou que Lula pode ser candidato \u00e0 Presid\u00eancia da Rep\u00fablica, mesmo detido na Superintend\u00eancia da Pol\u00edcia Federal em Curitiba. \u201cO [ex-] presidente reafirma sua vontade de ser candidato \u00e0 Presid\u00eancia da Rep\u00fablica.\u201d<\/p>\n<p>Lula foi condenado a 12 anos e um m\u00eas de pris\u00e3o pelos crimes de lavagem de dinheiro e corrup\u00e7\u00e3o.<\/p>\n<p>Ele respondeu \u00e0 acusa\u00e7\u00e3o de ter obtido vantagens indevidas provenientes de um esquema de corrup\u00e7\u00e3o envolvendo tr\u00eas contratos entre a empreiteira OAS e a Petrobras. A vantagem seria um apartamento tr\u00edplex em Guaruj\u00e1 (SP).<\/p>\n","protected":false},"excerpt":{"rendered":"<p>Preso na Superintend\u00eancia da Pol\u00edcia Federal em Curitiba desde 7 de abril, o ex-presidente Luiz&#8230;<\/p>\n","protected":false},"author":1,"featured_media":0,"comment_status":"closed","ping_status":"closed","sticky":false,"template":"","format":"standard","meta":{"footnotes":""},"categories":[101,19],"tags":[],"class_list":["post-17557","post","type-post","status-publish","format-standard","hentry","category-eleicoes","category-politica"],"_links":{"self":[{"href":"https:\/\/www.corumbaonline.com.br\/news\/wp-json\/wp\/v2\/posts\/17557","targetHints":{"allow":["GET"]}}],"collection":[{"href":"https:\/\/www.corumbaonline.com.br\/news\/wp-json\/wp\/v2\/posts"}],"about":[{"href":"https:\/\/www.corumbaonline.com.br\/news\/wp-json\/wp\/v2\/types\/post"}],"author":[{"embeddable":true,"href":"https:\/\/www.corumbaonline.com.br\/news\/wp-json\/wp\/v2\/users\/1"}],"replies":[{"embeddable":true,"href":"https:\/\/www.corumbaonline.com.br\/news\/wp-json\/wp\/v2\/comments?post=17557"}],"version-history":[{"count":1,"href":"https:\/\/www.corumbaonline.com.br\/news\/wp-json\/wp\/v2\/posts\/17557\/revisions"}],"predecessor-version":[{"id":17558,"href":"https:\/\/www.corumbaonline.com.br\/news\/wp-json\/wp\/v2\/posts\/17557\/revisions\/17558"}],"wp:attachment":[{"href":"https:\/\/www.corumbaonline.com.br\/news\/wp-json\/wp\/v2\/media?parent=17557"}],"wp:term":[{"taxonomy":"category","embeddable":true,"href":"https:\/\/www.corumbaonline.com.br\/news\/wp-json\/wp\/v2\/categories?post=17557"},{"taxonomy":"post_tag","embeddable":true,"href":"https:\/\/www.corumbaonline.com.br\/news\/wp-json\/wp\/v2\/tags?post=17557"}],"curies":[{"name":"wp","href":"https:\/\/api.w.org\/{rel}","templated":true}]}}