{"id":17562,"date":"2018-05-22T09:35:47","date_gmt":"2018-05-22T13:35:47","guid":{"rendered":"http:\/\/www.corumbaonline.com.br\/news\/?p=17562"},"modified":"2018-05-22T10:11:07","modified_gmt":"2018-05-22T14:11:07","slug":"iptu-sera-lancado-em-junho-sem-cobranca-de-taxas-de-limpeza-e-incendio","status":"publish","type":"post","link":"https:\/\/www.corumbaonline.com.br\/news\/iptu-sera-lancado-em-junho-sem-cobranca-de-taxas-de-limpeza-e-incendio\/","title":{"rendered":"IPTU ser\u00e1 lan\u00e7ado em junho sem cobran\u00e7a de taxas de limpeza e inc\u00eandio"},"content":{"rendered":"<p><span style=\"color: #000000;\">A C\u00e2mara Municipal de Corumb\u00e1 aprovou na sess\u00e3o de ontem, segunda-feira (21), Projeto de Lei Complementar encaminhado pelo Poder Executivo, alterando a Lei n\u00ba 100, de 22 de dezembro de 2006, que vai permitir a exclus\u00e3o da cobran\u00e7a das taxas de servi\u00e7os de limpeza p\u00fablica e de inc\u00eandio, embutidas no Imposto Predial e Territorial Urbano (IPTU).<\/span><\/p>\n<p><span style=\"color: #000000;\">O Projeto foi aprovado por unanimidade e t\u00e3o logo retorne ao Poder Executivo, ser\u00e1 sancionado pelo prefeito Marcelo Iunes que acompanhou a sess\u00e3o dessa segunda-feira. \u201cSer\u00e1 um incentivo a mais para a popula\u00e7\u00e3o corumbaense. Estamos trabalhando para lan\u00e7ar o IPTU em junho j\u00e1 com esse benef\u00edcio para o contribuinte\u201d, destacou.<\/span><\/p>\n<p><span style=\"color: #000000;\">Na mensagem encaminhada \u00e0 C\u00e2mara, Marcelo solicitou que a mat\u00e9ria fosse apreciada com a maior brevidade poss\u00edvel, diante da sua urg\u00eancia, justamente para beneficiar a popula\u00e7\u00e3o corumbaense j\u00e1 a partir do IPTU de 2018.<\/span><\/p>\n<p><span style=\"color: #000000;\">O pedido foi atendido pelos representantes do Poder Legislativo com o vereador Tadeu Vieira solicitando a inclus\u00e3o do processo na pauta da sess\u00e3o de ontem, aprovado por todos presentes.<\/span><\/p>\n<p><span style=\"color: #000000;\">O vereador e presidente da C\u00e2mara, Evander Vendramini, destacou a relev\u00e2ncia da proposta e que \u201cprojeto importante como este, que beneficia a nossa popula\u00e7\u00e3o, isentando cobran\u00e7a de taxas, tem que ser apreciado de forma urgente\u201d.<\/span><\/p>\n<p><span style=\"color: #000000;\">Evander lembrou o perfeito entrosamento entre os integrantes do Poder Legislativo com o Executivo. \u201cO prefeito Marcelo tem nos visitado com frequ\u00eancia, participando das sess\u00f5es, o que demonstra o bom relacionamento entre todos dessa casa com o Poder Executivo, sempre respeitando a independ\u00eancia do Legislativo que tem trabalhado junto, em benef\u00edcio da popula\u00e7\u00e3o, da nossa cidade\u201d, completou.<\/span><\/p>\n<p><span style=\"color: #000000;\">O presidente foi acompanhado pelos demais vereadores presentes que enalteceram a medida adotada pelo prefeito Marcelo Iunes. Deixaram evidente que, todas as mat\u00e9rias que resultarem em benef\u00edcio da popula\u00e7\u00e3o, ter\u00e1 apoio do Legislativo.<\/span><\/p>\n<p><span style=\"color: #000000;\">Al\u00e9m da exclus\u00e3o das duas taxas, o Projeto de Lei Complementar aprovado ontem, prev\u00ea ainda a implanta\u00e7\u00e3o do Domic\u00edlio Tribut\u00e1rio Eletr\u00f4nico, que permitir\u00e1 uma comunica\u00e7\u00e3o direta e vai simples entre o Fisco Municipal e o contribuinte, sem se desviar da garantia de seguran\u00e7a, com a ado\u00e7\u00e3o da tecnologia de Certifica\u00e7\u00e3o Digital implantada pelo modelo de Infraestrutura de Chaves P\u00fablicas Brasileira (ICP \u2013 Brasil).<\/span><\/p>\n<p><span style=\"color: #000000;\">Mais benef\u00edcios<\/span><\/p>\n<p><span style=\"color: #000000;\">Ainda na C\u00e2mara, o prefeito anunciou que est\u00e1 trabalhando um projeto para ser encaminhado ao Poder Legislativo, que prev\u00ea benef\u00edcios para regulariza\u00e7\u00e3o de im\u00f3veis existentes na cidade, que na Prefeitura, constam como terrenos.<\/span><\/p>\n<p><span style=\"color: #000000;\">O prefeito citou que, hoje, cerca de 30% dos im\u00f3veis edificados est\u00e3o nesta situa\u00e7\u00e3o. \u201cEstamos estudando isen\u00e7\u00f5es para que estas pessoas possam regularizar as suas moradias\u201d, anunciou, j\u00e1 ganhando apoio da Casa de Leis, por se tratar de uma proposta que trar\u00e1 novos benef\u00edcios \u00e0 popula\u00e7\u00e3o corumbaense.<\/span><\/p>\n<p><span style=\"color: #000000;\">Marcelo falou ainda sobre in\u00edcio das obras do FONPLATA; da pavimenta\u00e7\u00e3o dos Bairros Ernesto Sassida e Dom Bosco; dos conjuntos Tiradentes e Vit\u00f3ria R\u00e9gia; da pavimenta\u00e7\u00e3o de 25 alamedas, al\u00e9m da viabiliza\u00e7\u00e3o junto ao Minist\u00e9rio das Cidades, de um projeto chamado Avan\u00e7ar Cidade, no valor de R$ 25 milh\u00f5es, que vai permitir mais obras de drenagem, pavimenta\u00e7\u00e3o e recapeamento de vias urbanas.<\/span><\/p>\n","protected":false},"excerpt":{"rendered":"<p>A C\u00e2mara Municipal de Corumb\u00e1 aprovou na sess\u00e3o de ontem, segunda-feira (21), Projeto de Lei&#8230;<\/p>\n","protected":false},"author":1,"featured_media":17563,"comment_status":"closed","ping_status":"closed","sticky":false,"template":"","format":"standard","meta":{"footnotes":""},"categories":[8,9,19],"tags":[],"class_list":["post-17562","post","type-post","status-publish","format-standard","has-post-thumbnail","hentry","category-destaque","category-economia","category-politica"],"_links":{"self":[{"href":"https:\/\/www.corumbaonline.com.br\/news\/wp-json\/wp\/v2\/posts\/17562","targetHints":{"allow":["GET"]}}],"collection":[{"href":"https:\/\/www.corumbaonline.com.br\/news\/wp-json\/wp\/v2\/posts"}],"about":[{"href":"https:\/\/www.corumbaonline.com.br\/news\/wp-json\/wp\/v2\/types\/post"}],"author":[{"embeddable":true,"href":"https:\/\/www.corumbaonline.com.br\/news\/wp-json\/wp\/v2\/users\/1"}],"replies":[{"embeddable":true,"href":"https:\/\/www.corumbaonline.com.br\/news\/wp-json\/wp\/v2\/comments?post=17562"}],"version-history":[{"count":1,"href":"https:\/\/www.corumbaonline.com.br\/news\/wp-json\/wp\/v2\/posts\/17562\/revisions"}],"predecessor-version":[{"id":17564,"href":"https:\/\/www.corumbaonline.com.br\/news\/wp-json\/wp\/v2\/posts\/17562\/revisions\/17564"}],"wp:featuredmedia":[{"embeddable":true,"href":"https:\/\/www.corumbaonline.com.br\/news\/wp-json\/wp\/v2\/media\/17563"}],"wp:attachment":[{"href":"https:\/\/www.corumbaonline.com.br\/news\/wp-json\/wp\/v2\/media?parent=17562"}],"wp:term":[{"taxonomy":"category","embeddable":true,"href":"https:\/\/www.corumbaonline.com.br\/news\/wp-json\/wp\/v2\/categories?post=17562"},{"taxonomy":"post_tag","embeddable":true,"href":"https:\/\/www.corumbaonline.com.br\/news\/wp-json\/wp\/v2\/tags?post=17562"}],"curies":[{"name":"wp","href":"https:\/\/api.w.org\/{rel}","templated":true}]}}