{"id":17581,"date":"2018-05-22T11:12:40","date_gmt":"2018-05-22T15:12:40","guid":{"rendered":"http:\/\/www.corumbaonline.com.br\/news\/?p=17581"},"modified":"2018-05-22T11:12:55","modified_gmt":"2018-05-22T15:12:55","slug":"prefeitura-abre-cadastro-para-mediadores-e-facilitadores-voluntarios-do-pnme","status":"publish","type":"post","link":"https:\/\/www.corumbaonline.com.br\/news\/prefeitura-abre-cadastro-para-mediadores-e-facilitadores-voluntarios-do-pnme\/","title":{"rendered":"Prefeitura abre cadastro para mediadores e facilitadores volunt\u00e1rios do PNME"},"content":{"rendered":"<p>A Prefeitura de Corumb\u00e1, por meio da Secretaria Municipal de Educa\u00e7\u00e3o, abriu nesta ter\u00e7a-feira, 22 de maio, o cadastro para constitui\u00e7\u00e3o do banco de mediadores e facilitadores volunt\u00e1rios para atuarem no Programa Novo Mais Educa\u00e7\u00e3o (PNME). A inscri\u00e7\u00e3o, online e gratuita, deve ser realizada no link da\u00a0<em><strong><a href=\"https:\/\/sites.google.com\/site\/portaldaremecorumbams\/\" target=\"_blank\" rel=\"noopener noreferrer\">REME<\/a>,<\/strong><\/em>no site da Prefeitura de Corumb\u00e1 (www.corumba.ms.gov.br), at\u00e9 \u00e0s 10 horas do dia 25 de maio de 2018.<\/p>\n<p>&nbsp;<\/p>\n<p>Ser\u00e1 enviado um e-mail de confirma\u00e7\u00e3o para o e-mail cadastrado no formul\u00e1rio, como comprovante de requerimento de inscri\u00e7\u00e3o. Somente um cadastro por pessoa ser\u00e1 considerado. O candidato dever\u00e1 optar por apenas um dos perfis: mediador ou facilitador. As atividades desenvolvidas ser\u00e3o consideradas de natureza volunt\u00e1ria, sendo obrigat\u00f3ria a celebra\u00e7\u00e3o do Termo de Ades\u00e3o e Compromisso do Volunt\u00e1rio.<\/p>\n<p>&nbsp;<\/p>\n<p>O processo seletivo compreender\u00e1 a inscri\u00e7\u00e3o, an\u00e1lise de curr\u00edculo e chamada dos profissionais pelas unidades escolares da REME de Corumb\u00e1 ou pela Secretaria Municipal de Educa\u00e7\u00e3o. O in\u00edcio das atividades ocorrer\u00e1 conforme a libera\u00e7\u00e3o dos recursos a serem recebidos pelas escolas, por meio do Programa Dinheiro Direto na Escola (PDDE Integral). O ressarcimento ser\u00e1 efetuado para o mediador e facilitador de aprendizagem mediante apresenta\u00e7\u00e3o de Relat\u00f3rio Mensal das Atividades Desenvolvidas em cada turma.<\/p>\n<p>&nbsp;<\/p>\n<p>O mediador e o facilitador podem assumir at\u00e9 10 turmas, de acordo com sua disponibilidade e demanda da unidade escolar. Para mediador, o valor do ressarcimento para despesas com transporte e alimenta\u00e7\u00e3o por turma \u00e9 de R$ 150 para escolas urbanas e R$ 225 para a zona rural. J\u00e1 o valor do ressarcimento para despesas com transporte e alimenta\u00e7\u00e3o por turma do facilitador \u00e9 de R$ 80 para escolas urbanas e R$ 120 para escolas do campo.<\/p>\n<p>&nbsp;<\/p>\n<p><strong>Perfil<\/strong><\/p>\n<p>&nbsp;<\/p>\n<p>Para se candidatar a mediador \u00e9 preciso ser brasileiro e maior de 18 anos. Para atuar no acompanhamento pedag\u00f3gico de L\u00edngua Portuguesa e Matem\u00e1tica nos anos iniciais o candidato deve ser preferencialmente: licenciado em Pedagogia; Professores com forma\u00e7\u00e3o em Curso Normal M\u00e9dio; ou Estudante do curso de Licenciatura em Pedagogia.<\/p>\n<p>&nbsp;<\/p>\n<p>Para atuar no acompanhamento pedag\u00f3gico em Matem\u00e1tica nos anos finais, o mediador deve ser preferencialmente: licenciado em Matem\u00e1tica ou estudante do curso de Licenciatura em Matem\u00e1tica. J\u00e1 para atuar no acompanhamento pedag\u00f3gico em L\u00edngua Portuguesa nos anos finais ele deve ser preferencialmente Licenciado em Letras (Portugu\u00eas) ou estudante de Licenciatura em Letras (Portugu\u00eas).<\/p>\n<p>&nbsp;<\/p>\n<p>Para atuar como facilitador \u00e9 preciso ser brasileiro, ter a idade m\u00ednima de 18 anos no ato da inscri\u00e7\u00e3o e ser educador popular que concluiu o Ensino M\u00e9dio e que demonstre experi\u00eancia. O facilitador \u00e9 o respons\u00e1vel pela realiza\u00e7\u00e3o das atividades selecionadas pelas unidades\u00a0\u00a0\u00a0\u00a0\u00a0\u00a0\u00a0\u00a0 escolares nos campos da Arte, Cultura, Esporte e Lazer sendo importante a experi\u00eancia na \u00e1rea em que for atuar.<\/p>\n<p>&nbsp;<\/p>\n<p>Poder\u00e1 concorrer \u00e0 sele\u00e7\u00e3o de Facilitador, pessoa da comunidade, com forma\u00e7\u00e3o a partir de N\u00edvel M\u00e9dio ou Professores e Estudantes de Curso Superior, com saberes, compet\u00eancias e habilidades apropriadas para o desenvolvimento das atividades. O edital completo est\u00e1 no DIOCORUMB\u00c1 desta ter\u00e7a-feira, 22 de maio.<\/p>\n","protected":false},"excerpt":{"rendered":"<p>A Prefeitura de Corumb\u00e1, por meio da Secretaria Municipal de Educa\u00e7\u00e3o, abriu nesta ter\u00e7a-feira, 22&#8230;<\/p>\n","protected":false},"author":1,"featured_media":0,"comment_status":"closed","ping_status":"closed","sticky":false,"template":"","format":"standard","meta":{"footnotes":""},"categories":[10],"tags":[],"class_list":["post-17581","post","type-post","status-publish","format-standard","hentry","category-educacao"],"_links":{"self":[{"href":"https:\/\/www.corumbaonline.com.br\/news\/wp-json\/wp\/v2\/posts\/17581","targetHints":{"allow":["GET"]}}],"collection":[{"href":"https:\/\/www.corumbaonline.com.br\/news\/wp-json\/wp\/v2\/posts"}],"about":[{"href":"https:\/\/www.corumbaonline.com.br\/news\/wp-json\/wp\/v2\/types\/post"}],"author":[{"embeddable":true,"href":"https:\/\/www.corumbaonline.com.br\/news\/wp-json\/wp\/v2\/users\/1"}],"replies":[{"embeddable":true,"href":"https:\/\/www.corumbaonline.com.br\/news\/wp-json\/wp\/v2\/comments?post=17581"}],"version-history":[{"count":1,"href":"https:\/\/www.corumbaonline.com.br\/news\/wp-json\/wp\/v2\/posts\/17581\/revisions"}],"predecessor-version":[{"id":17582,"href":"https:\/\/www.corumbaonline.com.br\/news\/wp-json\/wp\/v2\/posts\/17581\/revisions\/17582"}],"wp:attachment":[{"href":"https:\/\/www.corumbaonline.com.br\/news\/wp-json\/wp\/v2\/media?parent=17581"}],"wp:term":[{"taxonomy":"category","embeddable":true,"href":"https:\/\/www.corumbaonline.com.br\/news\/wp-json\/wp\/v2\/categories?post=17581"},{"taxonomy":"post_tag","embeddable":true,"href":"https:\/\/www.corumbaonline.com.br\/news\/wp-json\/wp\/v2\/tags?post=17581"}],"curies":[{"name":"wp","href":"https:\/\/api.w.org\/{rel}","templated":true}]}}