{"id":17616,"date":"2018-05-23T08:46:07","date_gmt":"2018-05-23T12:46:07","guid":{"rendered":"http:\/\/www.corumbaonline.com.br\/news\/?p=17616"},"modified":"2018-05-23T09:26:16","modified_gmt":"2018-05-23T13:26:16","slug":"pre-selecao-para-lista-de-espera-do-fies-vai-ate-hoje","status":"publish","type":"post","link":"https:\/\/www.corumbaonline.com.br\/news\/pre-selecao-para-lista-de-espera-do-fies-vai-ate-hoje\/","title":{"rendered":"Pr\u00e9-sele\u00e7\u00e3o para lista de espera do Fies vai at\u00e9 hoje"},"content":{"rendered":"<p>O Minist\u00e9rio da Educa\u00e7\u00e3o prorrogou para hoje (23) o prazo para a pr\u00e9-sele\u00e7\u00e3o dos candidatos participantes da lista de espera do Fundo de Financiamento Estudantil (Fies) e do Programa de Financiamento Estudantil (P-Fies). O prazo anterior era\u00a025 de abril, mas a Secretaria de Educa\u00e7\u00e3o Superior (Sesu) alterou a data para que todos os estudantes pr\u00e9-selecionados possam complementar a sua inscri\u00e7\u00e3o.<\/p>\n<p>A previs\u00e3o do Minist\u00e9rio da Educa\u00e7\u00e3o \u00e9 que o n\u00famero de vagas atinja 310 mil, das quais 100 mil\u00a0ter\u00e3o juro zero para os estudantes que comprovarem renda\u00a0<em>per capita<\/em>mensal familiar de at\u00e9 tr\u00eas sal\u00e1rios m\u00ednimos.<\/p>\n<h2>Inscri\u00e7\u00f5es<\/h2>\n<p>A inscri\u00e7\u00e3o pode ser feita pelo candidato que participou do Enem (Exame Nacional do Ensino M\u00e9dio), a partir da edi\u00e7\u00e3o de 2010 e tenha obtido m\u00e9dia aritm\u00e9tica das notas nas provas igual ou superior a 450 \u00a0pontos e nota superior a zero na reda\u00e7\u00e3o.<\/p>\n<p>\u00c9 necess\u00e1rio ainda, para as modalidades Fies e P\u2013Fies, que o estudante tenha renda familiar mensal bruta, por pessoa, de at\u00e9 tr\u00eas sal\u00e1rios m\u00ednimos. Para concorrer, exclusivamente, para a modalidade P\u2013Fies, o candidato deve comprovar renda familiar mensal bruta familiar, por pessoa, de tr\u00eas a cinco sal\u00e1rios m\u00ednimos.<\/p>\n<p>O \u00a0Fies e o P-Fies s\u00e3o vinculados ao Minist\u00e9rio da Educa\u00e7\u00e3o e financiam cursos superiores n\u00e3o gratuitos, com avalia\u00e7\u00e3o positiva no Sistema Nacional de Avalia\u00e7\u00e3o da Educa\u00e7\u00e3o Superior (Sinaes) e nos processos conduzidos pelo Minist\u00e9rio da Educa\u00e7\u00e3o, respectivamente.<\/p>\n","protected":false},"excerpt":{"rendered":"<p>O Minist\u00e9rio da Educa\u00e7\u00e3o prorrogou para hoje (23) o prazo para a pr\u00e9-sele\u00e7\u00e3o dos candidatos&#8230;<\/p>\n","protected":false},"author":1,"featured_media":0,"comment_status":"closed","ping_status":"closed","sticky":false,"template":"","format":"standard","meta":{"footnotes":""},"categories":[10],"tags":[],"class_list":["post-17616","post","type-post","status-publish","format-standard","hentry","category-educacao"],"_links":{"self":[{"href":"https:\/\/www.corumbaonline.com.br\/news\/wp-json\/wp\/v2\/posts\/17616","targetHints":{"allow":["GET"]}}],"collection":[{"href":"https:\/\/www.corumbaonline.com.br\/news\/wp-json\/wp\/v2\/posts"}],"about":[{"href":"https:\/\/www.corumbaonline.com.br\/news\/wp-json\/wp\/v2\/types\/post"}],"author":[{"embeddable":true,"href":"https:\/\/www.corumbaonline.com.br\/news\/wp-json\/wp\/v2\/users\/1"}],"replies":[{"embeddable":true,"href":"https:\/\/www.corumbaonline.com.br\/news\/wp-json\/wp\/v2\/comments?post=17616"}],"version-history":[{"count":1,"href":"https:\/\/www.corumbaonline.com.br\/news\/wp-json\/wp\/v2\/posts\/17616\/revisions"}],"predecessor-version":[{"id":17617,"href":"https:\/\/www.corumbaonline.com.br\/news\/wp-json\/wp\/v2\/posts\/17616\/revisions\/17617"}],"wp:attachment":[{"href":"https:\/\/www.corumbaonline.com.br\/news\/wp-json\/wp\/v2\/media?parent=17616"}],"wp:term":[{"taxonomy":"category","embeddable":true,"href":"https:\/\/www.corumbaonline.com.br\/news\/wp-json\/wp\/v2\/categories?post=17616"},{"taxonomy":"post_tag","embeddable":true,"href":"https:\/\/www.corumbaonline.com.br\/news\/wp-json\/wp\/v2\/tags?post=17616"}],"curies":[{"name":"wp","href":"https:\/\/api.w.org\/{rel}","templated":true}]}}