{"id":17777,"date":"2018-05-25T09:25:20","date_gmt":"2018-05-25T13:25:20","guid":{"rendered":"http:\/\/www.corumbaonline.com.br\/news\/?p=17777"},"modified":"2018-05-25T09:40:01","modified_gmt":"2018-05-25T13:40:01","slug":"analisando-5","status":"publish","type":"post","link":"https:\/\/www.corumbaonline.com.br\/news\/analisando-5\/","title":{"rendered":"Analisando&#8230;"},"content":{"rendered":"<p><strong>Crise<\/strong><\/p>\n<p>O Brasil esta vivendo dias dif\u00edceis. J\u00e1 n\u00e3o bastassem os problemas di\u00e1rios de corrup\u00e7\u00e3o, inseguran\u00e7a, caos na sa\u00fade ainda agora t\u00eam que conviver com a crise dos caminhoneiros pelas estradas brasileiras.<\/p>\n<p><strong>Problemas<\/strong><\/p>\n<p>Isso esta afetando diretamente o dia a dia do brasileiro, j\u00e1 que come\u00e7am a faltar alimentos e combust\u00edveis nos estabelecimentos de Corumb\u00e1 e regi\u00e3o.<\/p>\n<p><strong>Reajuste<\/strong><\/p>\n<p>Os caminhoneiros se levantaram contra o aumento dos combust\u00edveis, mas precisamente do \u00f3leo diesel, o que acaba encarecendo as viagens e os fretes.<\/p>\n<p><strong>Ausentes<\/strong><\/p>\n<p>O que chama a aten\u00e7\u00e3o e que os caminhoneiros estavam ativos no movimento \u201cfora Dilma\u201d, vestidos da amarelinha, por\u00e9m, ap\u00f3s a queda da presidente, sumiram e deitaram em ber\u00e7o espl\u00eandido, como se tudo estivesse \u00f3timo, ate agora acordar rugindo os dentes.<\/p>\n<p><strong>Petrobras<\/strong><\/p>\n<p>Outro dado interessante, e agora a cobran\u00e7a para que o governo interfira na dire\u00e7\u00e3o da Petrobras a fim de evitar a subida dos combust\u00edveis. Pois este \u00e9 um dos mais duros discursos dos \u201ccoxinhas\u201d contra os \u201cpetralhas\u201d. Que havia interven\u00e7\u00e3o demais do estado na empresa. Agora brigam pela interven\u00e7\u00e3o&#8230;<\/p>\n<p><strong>FAS<\/strong><\/p>\n<p>Aberto Oficialmente nesta quinta feira (24\/05), a 14\u00ba edi\u00e7\u00e3o do Festival Am\u00e9rica do Sul tr\u00e1s a Corumb\u00e1 nomes de renome nacional e uma proposta de retomar os primeiros caminhos do festival, com muita arte nas ruas, debate e principalmente troca de experi\u00eancias culturais.<\/p>\n<p><strong>Homenagem<\/strong><\/p>\n<p>O ponto alto da abertura foi a homenagem ao Prefeito Ruiter Cunha de Oliveira, falecido em novembro do ano passado. Um dos maiores entusiastas da cultura pantaneira ter\u00e1 seu nome lembrado e celebrado nesta edi\u00e7\u00e3o do Festival.<\/p>\n<p><strong>Aus\u00eancia <\/strong><\/p>\n<p>Foi sentida a aus\u00eancia do grande anfitri\u00e3o da festa, o Governador Reinaldo Azambuja. Ele foi representado pela Vice Governadora Rose Modesto. J\u00e1 virou costume nos grandes eventos da cidade o governador se fazer ausente e ser representado pela sua vice, assim como no carnaval. \u00a0Estranho esta aus\u00eancia em se tratando de um ano eleitoral e o FAS ser o maior evento do Governo na regi\u00e3o.<\/p>\n<p><strong>Lad\u00e1rio<\/strong><\/p>\n<p>A cada dia parece que aumenta a crise dos ladarenses.\u00a0 Agora quem sumiu do mapa \u00e9 a toda poderosa secretaria geral do governo Ruso, Andressa Paraquett. A secretaria n\u00e3o foi mais vista desde que come\u00e7aram a pipocar os inqu\u00e9ritos abertos pelo MPE\/MS.<\/p>\n<p><strong>Corumbaense<\/strong><\/p>\n<p>Neste fim de semana termina o calend\u00e1rio de futebol do Carij\u00f3 da Avenida. Um ano marcado por erros e acertos, e pelo visto mais erros. O clube n\u00e3o fez um bom planejamento e fez contrata\u00e7\u00f5es erradas enchendo o clube de jogadores de pouca qualidade.<\/p>\n<p><strong>Resultados<\/strong><\/p>\n<p>Com exce\u00e7\u00e3o a partida da Copa do Brasil contra o Asa de Arapiraca, o Corumbaense n\u00e3o apresentou nenhuma partida que enchesse os olhos dos torcedores. Com muita sorte conseguiu chegar a final do estadual, que tinha a obriga\u00e7\u00e3o de ganhar pelo investimento, e com muita sorte, mais uma vez estar\u00e1 na copa do Brasil.<\/p>\n<p><strong>Aprendizado<\/strong><\/p>\n<p>Que fique a li\u00e7\u00e3o pra pr\u00f3xima diretoria, se \u00e9 que ter\u00e1 elei\u00e7\u00e3o no clube, que precisa planejar melhor. Afinal uma cidade que respira futebol espera dos dirigentes passos firmes e certos para o clube ultrapassar as barreiras que vir\u00e3o.<\/p>\n","protected":false},"excerpt":{"rendered":"<p>Crise O Brasil esta vivendo dias dif\u00edceis. J\u00e1 n\u00e3o bastassem os problemas di\u00e1rios de corrup\u00e7\u00e3o,&#8230;<\/p>\n","protected":false},"author":6,"featured_media":0,"comment_status":"closed","ping_status":"closed","sticky":false,"template":"","format":"standard","meta":{"footnotes":""},"categories":[3],"tags":[],"class_list":["post-17777","post","type-post","status-publish","format-standard","hentry","category-artigo"],"_links":{"self":[{"href":"https:\/\/www.corumbaonline.com.br\/news\/wp-json\/wp\/v2\/posts\/17777","targetHints":{"allow":["GET"]}}],"collection":[{"href":"https:\/\/www.corumbaonline.com.br\/news\/wp-json\/wp\/v2\/posts"}],"about":[{"href":"https:\/\/www.corumbaonline.com.br\/news\/wp-json\/wp\/v2\/types\/post"}],"author":[{"embeddable":true,"href":"https:\/\/www.corumbaonline.com.br\/news\/wp-json\/wp\/v2\/users\/6"}],"replies":[{"embeddable":true,"href":"https:\/\/www.corumbaonline.com.br\/news\/wp-json\/wp\/v2\/comments?post=17777"}],"version-history":[{"count":4,"href":"https:\/\/www.corumbaonline.com.br\/news\/wp-json\/wp\/v2\/posts\/17777\/revisions"}],"predecessor-version":[{"id":17784,"href":"https:\/\/www.corumbaonline.com.br\/news\/wp-json\/wp\/v2\/posts\/17777\/revisions\/17784"}],"wp:attachment":[{"href":"https:\/\/www.corumbaonline.com.br\/news\/wp-json\/wp\/v2\/media?parent=17777"}],"wp:term":[{"taxonomy":"category","embeddable":true,"href":"https:\/\/www.corumbaonline.com.br\/news\/wp-json\/wp\/v2\/categories?post=17777"},{"taxonomy":"post_tag","embeddable":true,"href":"https:\/\/www.corumbaonline.com.br\/news\/wp-json\/wp\/v2\/tags?post=17777"}],"curies":[{"name":"wp","href":"https:\/\/api.w.org\/{rel}","templated":true}]}}