{"id":17785,"date":"2018-05-25T09:53:09","date_gmt":"2018-05-25T13:53:09","guid":{"rendered":"http:\/\/www.corumbaonline.com.br\/news\/?p=17785"},"modified":"2018-05-25T09:42:58","modified_gmt":"2018-05-25T13:42:58","slug":"prefeitura-decreta-situacao-de-emergencia-em-areas-afetadas-pela-cheia-do-rio-paraguai","status":"publish","type":"post","link":"https:\/\/www.corumbaonline.com.br\/news\/prefeitura-decreta-situacao-de-emergencia-em-areas-afetadas-pela-cheia-do-rio-paraguai\/","title":{"rendered":"Prefeitura decreta situa\u00e7\u00e3o de emerg\u00eancia em \u00e1reas afetadas pela cheia do rio Paraguai"},"content":{"rendered":"<p>O prefeito Marcelo Iunes declarou Situa\u00e7\u00e3o de Emerg\u00eancia, pelo prazo de 180 dias, nas \u00e1reas do munic\u00edpio de Corumb\u00e1 afetadas pela inunda\u00e7\u00e3o do rio Paraguai. O decreto n\u00b0 1.978, de 23 de maio de 2018, foi publicado na edi\u00e7\u00e3o desta quinta-feira, dia 24, do Di\u00e1rio Oficial do Munic\u00edpio de Corumb\u00e1 (DIOCORUMB\u00c1). A decis\u00e3o foi tomada com base no Parecer T\u00e9cnico da Ag\u00eancia Municipal de Prote\u00e7\u00e3o e Defesa Civil e no Laudo T\u00e9cnico da EMBRAPA Pantanal.<\/p>\n<p>&nbsp;<\/p>\n<p>De acordo com o laudo da EMBRAPA Pantanal, \u201ctrata-se de uma cheia rigorosa e dever\u00e1 apresentar um hidroper\u00edodo longo, de cerca de 170 dias\u201d. J\u00e1 o laudo da Defesa Civil relata que \u201ca ocorr\u00eancia desse desastre \u00e9 favor\u00e1vel \u00e0 declara\u00e7\u00e3o de Situa\u00e7\u00e3o de Emerg\u00eancia\u201d. O decreto considerou ainda que \u00e0s 10 horas do dia 23 de maio de 2018, o n\u00edvel do rio Paraguai atingiu a marca de 5,20 metros, ou seja, 3,18 metros acima de seu n\u00edvel de redu\u00e7\u00e3o.<\/p>\n<p>&nbsp;<\/p>\n<p>Com a decreta\u00e7\u00e3o da Situa\u00e7\u00e3o de Emerg\u00eancia, autoriza-se a mobiliza\u00e7\u00e3o de todos os \u00f3rg\u00e3os municipais para atuarem sob a coordena\u00e7\u00e3o da Ag\u00eancia Municipal de Prote\u00e7\u00e3o e Defesa Civil, nas a\u00e7\u00f5es de resposta ao desastre e reabilita\u00e7\u00e3o do cen\u00e1rio e reconstru\u00e7\u00e3o. Tamb\u00e9m fica autorizada a convoca\u00e7\u00e3o de volunt\u00e1rios para refor\u00e7ar as a\u00e7\u00f5es de resposta ao desastre e realiza\u00e7\u00e3o de campanhas de arrecada\u00e7\u00e3o de recursos junto \u00e0 comunidade, com o objetivo de facilitar as a\u00e7\u00f5es de assist\u00eancia \u00e0 popula\u00e7\u00e3o afetada pelo desastre, sob a coordena\u00e7\u00e3o da Ag\u00eancia Municipal de Prote\u00e7\u00e3o e Defesa Civil.<\/p>\n<p>&nbsp;<\/p>\n<p>Na exposi\u00e7\u00e3o de motivos do decreto 1.978\/2018, \u00e9 apontado que \u201cas \u00e1reas que est\u00e3o sendo afetadas pelo processo de inunda\u00e7\u00e3o gradual, na zona rural, abrangem os espa\u00e7os ocupados pelas comunidades tradicionais, conhecidos como ribeirinhos, com in\u00edcio \u00e0 montante do rio Paraguai, ao norte do munic\u00edpio, mais especificamente na conflu\u00eancia deste com o Rio Louren\u00e7o, desde a localidade denominada Barra do S\u00e3o Louren\u00e7o, passando pelas localidades, do Amolar, Chan\u00e9, S\u00e3o Pedro, Bonfim, Coqueiro, S\u00e3o Francisco, Mato Grande, Ba\u00eda Vermelha, Paraguai Mirim, Ilha Verde, Castelo, Domingos Ramos, Capim Gordura, Piuval e Tuiui\u00fa, comunidades estas que est\u00e3o distribu\u00eddas ao longo das margens do rio, numa extens\u00e3o em torno de 300 Km em dire\u00e7\u00e3o \u00e0 jusante do Rio Paraguai, at\u00e9 pr\u00f3ximo \u00e0 zona urbana do munic\u00edpio\u201d.<\/p>\n<p>&nbsp;<\/p>\n<p>Tamb\u00e9m est\u00e3o sendo afetadas as \u201ccomunidades do Formigueiro, Porto da Manga, Porto Esperan\u00e7a, Porto Morrinho e regi\u00e3o do Coimbra, tamb\u00e9m distribu\u00eddas \u00e0s margens do mencionado rio, numa extens\u00e3o estimada de 150 Km, a partir da zona urbana do munic\u00edpio\u201d. A Inunda\u00e7\u00e3o j\u00e1 comprometeu o cotidiano de \u201ccerca de 2.500 pessoas que habitam na regi\u00e3o das \u00e1guas do complexo pantaneiro, al\u00e9m de provocar danos materiais a centenas de moradias dessas fam\u00edlias ribeirinhas e do mesmo modo comprometendo significativamente o segmento da pecu\u00e1ria, principal for\u00e7a motriz da economia local\u201d.<\/p>\n<p>&nbsp;<\/p>\n<p>O Poder P\u00fablico Municipal j\u00e1 atua preventivamente nas \u00e1reas afetadas por meio de a\u00e7\u00f5es mitigadoras para atenuar os primeiros impactos do evento adverso sobre as popula\u00e7\u00f5es dessas \u00e1reas, sobretudo, com a ajuda humanit\u00e1ria necess\u00e1ria. E \u00e9 de compet\u00eancia do munic\u00edpio promover a\u00e7\u00f5es emergenciais que visem minorar os preju\u00edzos e evitar o comprometimento \u00e0 incolumidade, \u00e0 vida humana, \u00e0 infraestrutura e aos empreendimentos ativos localizados nas \u00e1reas afetadas pelo desastre natural.<\/p>\n","protected":false},"excerpt":{"rendered":"<p>O prefeito Marcelo Iunes declarou Situa\u00e7\u00e3o de Emerg\u00eancia, pelo prazo de 180 dias, nas \u00e1reas&#8230;<\/p>\n","protected":false},"author":1,"featured_media":17786,"comment_status":"closed","ping_status":"closed","sticky":false,"template":"","format":"standard","meta":{"footnotes":""},"categories":[17],"tags":[],"class_list":["post-17785","post","type-post","status-publish","format-standard","has-post-thumbnail","hentry","category-meio-ambiente"],"_links":{"self":[{"href":"https:\/\/www.corumbaonline.com.br\/news\/wp-json\/wp\/v2\/posts\/17785","targetHints":{"allow":["GET"]}}],"collection":[{"href":"https:\/\/www.corumbaonline.com.br\/news\/wp-json\/wp\/v2\/posts"}],"about":[{"href":"https:\/\/www.corumbaonline.com.br\/news\/wp-json\/wp\/v2\/types\/post"}],"author":[{"embeddable":true,"href":"https:\/\/www.corumbaonline.com.br\/news\/wp-json\/wp\/v2\/users\/1"}],"replies":[{"embeddable":true,"href":"https:\/\/www.corumbaonline.com.br\/news\/wp-json\/wp\/v2\/comments?post=17785"}],"version-history":[{"count":1,"href":"https:\/\/www.corumbaonline.com.br\/news\/wp-json\/wp\/v2\/posts\/17785\/revisions"}],"predecessor-version":[{"id":17787,"href":"https:\/\/www.corumbaonline.com.br\/news\/wp-json\/wp\/v2\/posts\/17785\/revisions\/17787"}],"wp:featuredmedia":[{"embeddable":true,"href":"https:\/\/www.corumbaonline.com.br\/news\/wp-json\/wp\/v2\/media\/17786"}],"wp:attachment":[{"href":"https:\/\/www.corumbaonline.com.br\/news\/wp-json\/wp\/v2\/media?parent=17785"}],"wp:term":[{"taxonomy":"category","embeddable":true,"href":"https:\/\/www.corumbaonline.com.br\/news\/wp-json\/wp\/v2\/categories?post=17785"},{"taxonomy":"post_tag","embeddable":true,"href":"https:\/\/www.corumbaonline.com.br\/news\/wp-json\/wp\/v2\/tags?post=17785"}],"curies":[{"name":"wp","href":"https:\/\/api.w.org\/{rel}","templated":true}]}}