{"id":17809,"date":"2018-05-25T14:53:18","date_gmt":"2018-05-25T18:53:18","guid":{"rendered":"http:\/\/www.corumbaonline.com.br\/news\/?p=17809"},"modified":"2018-05-25T14:56:23","modified_gmt":"2018-05-25T18:56:23","slug":"corumba-inaugura-atendimento-noturno-na-ubs-lucia-maria","status":"publish","type":"post","link":"https:\/\/www.corumbaonline.com.br\/news\/corumba-inaugura-atendimento-noturno-na-ubs-lucia-maria\/","title":{"rendered":"Corumb\u00e1 inaugura atendimento noturno na UBS L\u00facia Maria"},"content":{"rendered":"<p>A Prefeitura de Corumb\u00e1 abriu o terceiro hor\u00e1rio de funcionamento da Unidade B\u00e1sica de Sa\u00fade L\u00facia Maria, situada no Kadw\u00e9us. No local, al\u00e9m da Estrat\u00e9gia Fam\u00edlia da Sa\u00fade L\u00facia Maria I e II, passa a funcionar a equipe L\u00facia Maria III, \u00e0 noite. O terceiro turno foi inaugurado na noite de 24 de maio para atender parte do bairro Guat\u00f3 que estava descoberto do atendimento b\u00e1sico em sa\u00fade. Das 17h \u00e0s 21h (cinco da tarde \u00e0s nove horas da noite), de segunda a sexta-feira, pacientes dessa regi\u00e3o poder\u00e3o procurar por atendimento nessa UBS.<\/p>\n<p>&nbsp;<\/p>\n<p>\u201cO Munic\u00edpio resolveu abrir esse terceiro turno principalmente por causa da entrega dos novos conjuntos habitacionais na parte alta da cidade, o que ocasionou superlota\u00e7\u00e3o na Unidade B\u00e1sica de Sa\u00fade do Kadw\u00e9us. Com isso, pretendemos desafogar o atendimento e tamb\u00e9m suprir uma demanda j\u00e1 existente no bairro Guat\u00f3 que estava descoberta\u201d, explicou Maria Leatrice Bechuate, coordenadora de Aten\u00e7\u00e3o B\u00e1sica do Munic\u00edpio.<\/p>\n<p>&nbsp;<\/p>\n<p>\u00c0 noite, ser\u00e1 disponibilizado m\u00e9dico nas segundas, ter\u00e7as, quintas e sextas. J\u00e1 o atendimento de enfermagem e odontol\u00f3gico acontecer\u00e1 de segunda a sexta, com marca\u00e7\u00e3o de exames e consultas. Pacientes do programa de Hiperdia, crian\u00e7as, gestantes e idosos v\u00e3o receber atendimento como o normalmente realizado no per\u00edodo diurno. Todos os programas oferecidos pela Aten\u00e7\u00e3o B\u00e1sica nas UBS ser\u00e3o ofertados. No entanto, vacina\u00e7\u00e3o permanece sendo feita nos per\u00edodos da manh\u00e3 e tarde.<\/p>\n<p>&nbsp;<\/p>\n<p><img loading=\"lazy\" decoding=\"async\" src=\"http:\/\/www.corumba.ms.gov.br\/public\/fotos\/72353-divulgacao-13-jpg-a.jpg\" alt=\"\" width=\"591\" height=\"386\" \/><\/p>\n<p>&nbsp;<\/p>\n<p>Leatrice assegurou que o atendimento \u00e0 noite funcionar\u00e1 at\u00e9 a inaugura\u00e7\u00e3o da UBS do Guat\u00f3s, que ser\u00e1 de porte 2, e vai abranger duas equipes de Estrat\u00e9gia Sa\u00fade da Fam\u00edlia, incluindo a ESF L\u00facia Maria III. A UBS porte 2 vai poder\u00e1 atender at\u00e9 8 mil pessoas.<\/p>\n<p>&nbsp;<\/p>\n<p>Conforme a Secretaria de Infraestrutura e Servi\u00e7os P\u00fablicos, a obra da UBS no Guat\u00f3 est\u00e1 com pr\u00e9dio conclu\u00eddo, mas ainda est\u00e3o sendo executados projetos de servi\u00e7os complementares como constru\u00e7\u00e3o de grades e cal\u00e7adas, al\u00e9m de pintura. J\u00e1 foi iniciado, pela Secretaria Municipal de Sa\u00fade, processo de compra de equipamentos. A previs\u00e3o \u00e9 que a UBS seja entregue ao p\u00fablico no segundo semestre do ano.<\/p>\n","protected":false},"excerpt":{"rendered":"<p>A Prefeitura de Corumb\u00e1 abriu o terceiro hor\u00e1rio de funcionamento da Unidade B\u00e1sica de Sa\u00fade&#8230;<\/p>\n","protected":false},"author":1,"featured_media":17810,"comment_status":"closed","ping_status":"closed","sticky":false,"template":"","format":"standard","meta":{"footnotes":""},"categories":[21],"tags":[],"class_list":["post-17809","post","type-post","status-publish","format-standard","has-post-thumbnail","hentry","category-saude"],"_links":{"self":[{"href":"https:\/\/www.corumbaonline.com.br\/news\/wp-json\/wp\/v2\/posts\/17809","targetHints":{"allow":["GET"]}}],"collection":[{"href":"https:\/\/www.corumbaonline.com.br\/news\/wp-json\/wp\/v2\/posts"}],"about":[{"href":"https:\/\/www.corumbaonline.com.br\/news\/wp-json\/wp\/v2\/types\/post"}],"author":[{"embeddable":true,"href":"https:\/\/www.corumbaonline.com.br\/news\/wp-json\/wp\/v2\/users\/1"}],"replies":[{"embeddable":true,"href":"https:\/\/www.corumbaonline.com.br\/news\/wp-json\/wp\/v2\/comments?post=17809"}],"version-history":[{"count":1,"href":"https:\/\/www.corumbaonline.com.br\/news\/wp-json\/wp\/v2\/posts\/17809\/revisions"}],"predecessor-version":[{"id":17811,"href":"https:\/\/www.corumbaonline.com.br\/news\/wp-json\/wp\/v2\/posts\/17809\/revisions\/17811"}],"wp:featuredmedia":[{"embeddable":true,"href":"https:\/\/www.corumbaonline.com.br\/news\/wp-json\/wp\/v2\/media\/17810"}],"wp:attachment":[{"href":"https:\/\/www.corumbaonline.com.br\/news\/wp-json\/wp\/v2\/media?parent=17809"}],"wp:term":[{"taxonomy":"category","embeddable":true,"href":"https:\/\/www.corumbaonline.com.br\/news\/wp-json\/wp\/v2\/categories?post=17809"},{"taxonomy":"post_tag","embeddable":true,"href":"https:\/\/www.corumbaonline.com.br\/news\/wp-json\/wp\/v2\/tags?post=17809"}],"curies":[{"name":"wp","href":"https:\/\/api.w.org\/{rel}","templated":true}]}}