{"id":17836,"date":"2018-05-28T08:05:13","date_gmt":"2018-05-28T12:05:13","guid":{"rendered":"http:\/\/www.corumbaonline.com.br\/news\/?p=17836"},"modified":"2018-05-28T08:26:40","modified_gmt":"2018-05-28T12:26:40","slug":"sai-edicao-extra-do-diario-oficial-com-mps-dos-caminhoneiros","status":"publish","type":"post","link":"https:\/\/www.corumbaonline.com.br\/news\/sai-edicao-extra-do-diario-oficial-com-mps-dos-caminhoneiros\/","title":{"rendered":"Sai edi\u00e7\u00e3o extra do Di\u00e1rio Oficial com MPs dos caminhoneiros"},"content":{"rendered":"<p>O governo publicou, em edi\u00e7\u00e3o extra do\u00a0<em>Di\u00e1rio Oficial da Uni\u00e3o<\/em>, as tr\u00eas medidas provis\u00f3rias (MPs), anunciadas pelo presidente Michel Temer e negociadas com os caminhoneiros, paralisados desde o \u00faltimo dia 28. As medidas foram publicadas na noite de ontem (27) e re\u00fanem as MPs 831, 832 e 833.<\/p>\n<p>O ponto alto est\u00e1 na MP 832 que institui a chamada Pol\u00edtica de Pre\u00e7os M\u00ednimos do Transporte Rodovi\u00e1rio de Cargas. \u00c9 a medida que estabelece a tabela m\u00ednima para o frete. N\u00e3o h\u00e1 valores nem percentuais, mas detalhes sobre como os n\u00fameros ser\u00e3o negociados.<\/p>\n<p>A MP 832 destaca que o processo de fixa\u00e7\u00e3o dos pre\u00e7os m\u00ednimos contar\u00e1 com a participa\u00e7\u00e3o dos representantes das cooperativas de transporte de cargas e dos sindicatos de empresas e de transportadores aut\u00f4nomos.\u00a0 Para a fixa\u00e7\u00e3o dos pre\u00e7os m\u00ednimos, diz a medida, ser\u00e3o considerados, prioritariamente, os custos do \u00f3leo diesel e dos ped\u00e1gios.<\/p>\n<p>O texto informa tamb\u00e9m que a decis\u00e3o se estende \u00e0s cargas em geral, a granel, as que necessitam ser refrigeradas, as perigosas e as chamadas neogranel (formadas por conglomerados homog\u00eaneos de mercadorias, de carga geral, sem acondicionamento espec\u00edfico e cujo volume ou quantidade possibilite o transporte em lotes, em um \u00fanico embarque).<\/p>\n<p>A MP 833 \u00e9 a que determina que os ve\u00edculos de transporte de cargas que circularem vazios ficar\u00e3o isentos da cobran\u00e7a de ped\u00e1gio sobre os eixos que mantiverem suspensos. A medida vale para todas as rodovias do pa\u00eds.<\/p>\n<p>A MP 831 define que a Companhia Nacional de Abastecimento (Conab) contratar\u00e1 transporte rodovi\u00e1rio de cargas, com dispensa do procedimento licitat\u00f3rio, para at\u00e9 30% da demanda anual de frete da empresa. A medida interfere principalmente na a\u00e7\u00e3o dos caminhoneiros aut\u00f4nomos.<\/p>\n","protected":false},"excerpt":{"rendered":"<p>O governo publicou, em edi\u00e7\u00e3o extra do\u00a0Di\u00e1rio Oficial da Uni\u00e3o, as tr\u00eas medidas provis\u00f3rias (MPs),&#8230;<\/p>\n","protected":false},"author":1,"featured_media":0,"comment_status":"closed","ping_status":"closed","sticky":false,"template":"","format":"standard","meta":{"footnotes":""},"categories":[19],"tags":[],"class_list":["post-17836","post","type-post","status-publish","format-standard","hentry","category-politica"],"_links":{"self":[{"href":"https:\/\/www.corumbaonline.com.br\/news\/wp-json\/wp\/v2\/posts\/17836","targetHints":{"allow":["GET"]}}],"collection":[{"href":"https:\/\/www.corumbaonline.com.br\/news\/wp-json\/wp\/v2\/posts"}],"about":[{"href":"https:\/\/www.corumbaonline.com.br\/news\/wp-json\/wp\/v2\/types\/post"}],"author":[{"embeddable":true,"href":"https:\/\/www.corumbaonline.com.br\/news\/wp-json\/wp\/v2\/users\/1"}],"replies":[{"embeddable":true,"href":"https:\/\/www.corumbaonline.com.br\/news\/wp-json\/wp\/v2\/comments?post=17836"}],"version-history":[{"count":1,"href":"https:\/\/www.corumbaonline.com.br\/news\/wp-json\/wp\/v2\/posts\/17836\/revisions"}],"predecessor-version":[{"id":17837,"href":"https:\/\/www.corumbaonline.com.br\/news\/wp-json\/wp\/v2\/posts\/17836\/revisions\/17837"}],"wp:attachment":[{"href":"https:\/\/www.corumbaonline.com.br\/news\/wp-json\/wp\/v2\/media?parent=17836"}],"wp:term":[{"taxonomy":"category","embeddable":true,"href":"https:\/\/www.corumbaonline.com.br\/news\/wp-json\/wp\/v2\/categories?post=17836"},{"taxonomy":"post_tag","embeddable":true,"href":"https:\/\/www.corumbaonline.com.br\/news\/wp-json\/wp\/v2\/tags?post=17836"}],"curies":[{"name":"wp","href":"https:\/\/api.w.org\/{rel}","templated":true}]}}