{"id":17849,"date":"2018-05-28T08:32:04","date_gmt":"2018-05-28T12:32:04","guid":{"rendered":"http:\/\/www.corumbaonline.com.br\/news\/?p=17849"},"modified":"2018-05-28T09:24:31","modified_gmt":"2018-05-28T13:24:31","slug":"caminhoneiros-entram-no-oitavo-dia-de-greve-com-19-pontos-de-bloqueio-em-ms","status":"publish","type":"post","link":"https:\/\/www.corumbaonline.com.br\/news\/caminhoneiros-entram-no-oitavo-dia-de-greve-com-19-pontos-de-bloqueio-em-ms\/","title":{"rendered":"Caminhoneiros entram no oitavo dia de greve com 19 pontos de bloqueio em MS"},"content":{"rendered":"<p>A greve dos caminhoneiros continua e entra em seu oitavo dia consecutivo nesta segunda-feira (28). De acordo com o Sindicam-MS (Sindicato dos Caminhoneiros de Mato Grosso do Sul), os pontos de bloqueio continuam em todo o estado, com uma estimativa de 19 pontos em rodovias federais.<\/p>\n<p><a href=\"https:\/\/www.midiamax.com.br\/brasil\/2018\/governo-cede-e-aguarda-fim-da-paralisacao-dos-caminhoneiros\/\" target=\"_blank\" rel=\"noopener noreferrer\"><strong>O Governo Federal fez uma proposta \u00e0 categoria neste domingo<\/strong><\/a>, com a redu\u00e7\u00e3o de R$ 0,46 no valor do diesel e a atualiza\u00e7\u00e3o do pre\u00e7o do combust\u00edvel mensalmente. A proposta \u00e9 vista como positiva pelos caminhoneiros, mas n\u00e3o suficiente para parar as manifesta\u00e7\u00f5es. Segundo o presidente do sindicato, Roberto Sinai, foram feitas concess\u00f5es dos governos estadual e federal, mas a reivindica\u00e7\u00e3o \u00e9 pela redu\u00e7\u00e3o dos combust\u00edveis e n\u00e3o s\u00f3 do diesel.<\/p>\n<p>\u201cHavia um compromisso de cumprir com a gasolina, \u00e1lcool, a reivindica\u00e7\u00e3o n\u00e3o \u00e9 s\u00f3 dos caminhoneiros, \u00e9 de toda a sociedade que j\u00e1 se juntou ao nosso movimento. O governo estadual concordou em reduzir o ICMS do combust\u00edvel e o governo federal tamb\u00e9m tomou medidas, mas ainda vamos continuar\u201d, afirma.<\/p>\n<p>O sindicato afirma que a greve continua com os mesmos pontos de bloqueio no domingo. \u201cEstamos aguardando parados nos mesmos locais, convocando a sociedade que nos ajude, que v\u00e1 conhecer os caminhoneiros, que v\u00e1 conversar com eles, para ver como funciona a manifesta\u00e7\u00e3o\u201d, diz Sinai.<\/p>\n<p>A PRF (Pol\u00edcia Rodovi\u00e1ria Federal) e a PMR (Pol\u00edcia Militar Rodovi\u00e1ria) ainda n\u00e3o informaram os pontos de bloqueio nas estradas desta segunda-feira (28).<\/p>\n","protected":false},"excerpt":{"rendered":"<p>A greve dos caminhoneiros continua e entra em seu oitavo dia consecutivo nesta segunda-feira (28)&#8230;.<\/p>\n","protected":false},"author":1,"featured_media":0,"comment_status":"closed","ping_status":"closed","sticky":false,"template":"","format":"standard","meta":{"footnotes":""},"categories":[14],"tags":[],"class_list":["post-17849","post","type-post","status-publish","format-standard","hentry","category-geral"],"_links":{"self":[{"href":"https:\/\/www.corumbaonline.com.br\/news\/wp-json\/wp\/v2\/posts\/17849","targetHints":{"allow":["GET"]}}],"collection":[{"href":"https:\/\/www.corumbaonline.com.br\/news\/wp-json\/wp\/v2\/posts"}],"about":[{"href":"https:\/\/www.corumbaonline.com.br\/news\/wp-json\/wp\/v2\/types\/post"}],"author":[{"embeddable":true,"href":"https:\/\/www.corumbaonline.com.br\/news\/wp-json\/wp\/v2\/users\/1"}],"replies":[{"embeddable":true,"href":"https:\/\/www.corumbaonline.com.br\/news\/wp-json\/wp\/v2\/comments?post=17849"}],"version-history":[{"count":1,"href":"https:\/\/www.corumbaonline.com.br\/news\/wp-json\/wp\/v2\/posts\/17849\/revisions"}],"predecessor-version":[{"id":17850,"href":"https:\/\/www.corumbaonline.com.br\/news\/wp-json\/wp\/v2\/posts\/17849\/revisions\/17850"}],"wp:attachment":[{"href":"https:\/\/www.corumbaonline.com.br\/news\/wp-json\/wp\/v2\/media?parent=17849"}],"wp:term":[{"taxonomy":"category","embeddable":true,"href":"https:\/\/www.corumbaonline.com.br\/news\/wp-json\/wp\/v2\/categories?post=17849"},{"taxonomy":"post_tag","embeddable":true,"href":"https:\/\/www.corumbaonline.com.br\/news\/wp-json\/wp\/v2\/tags?post=17849"}],"curies":[{"name":"wp","href":"https:\/\/api.w.org\/{rel}","templated":true}]}}