{"id":17864,"date":"2018-05-28T15:46:37","date_gmt":"2018-05-28T19:46:37","guid":{"rendered":"http:\/\/www.corumbaonline.com.br\/news\/?p=17864"},"modified":"2018-05-28T16:09:10","modified_gmt":"2018-05-28T20:09:10","slug":"avioes-da-fab-serao-usados-para-transportar-medicamentos-e-insumos","status":"publish","type":"post","link":"https:\/\/www.corumbaonline.com.br\/news\/avioes-da-fab-serao-usados-para-transportar-medicamentos-e-insumos\/","title":{"rendered":"Avi\u00f5es da FAB ser\u00e3o usados para transportar medicamentos e insumos"},"content":{"rendered":"<p>Avi\u00f5es da For\u00e7a A\u00e9rea Brasileira (FAB) passar\u00e3o a ser usados para transportar medicamentos e insumos de sa\u00fade que n\u00e3o est\u00e3o chegando ao destino por conta da greve dos caminhoneiros, de acordo com o ministro da Secretaria de Governo da Presid\u00eancia da Rep\u00fablica, Carlos Marun. Os insumos ser\u00e3o transportados em voos regulares.<\/p>\n<p>A informa\u00e7\u00e3o foi dada hoje (28) em coletiva de ministros no Pal\u00e1cio do Planalto. &#8220;A For\u00e7a A\u00e9rea passa a transportar medicamentos por determina\u00e7\u00e3o do presidente em conjunto com o comit\u00ea de crise. Foi determinado que a For\u00e7a A\u00e9rea passe a transportar medicamentos e insumos da \u00e1rea da sa\u00fade para os hospitais&#8221;. Segundo ele, o presidente Michel Temer &#8220;tem revelado uma preocupa\u00e7\u00e3o cada vez maior com a quest\u00e3o da vida humana, da sa\u00fade&#8221;.<\/p>\n<p><strong>Mapeamento<\/strong><\/p>\n<p>O Minist\u00e9rio da Sa\u00fade informou que todos os estados est\u00e3o sendo acompanhados e as demandas, mapeadas. As necessidades do setor est\u00e3o sendo atendidas, segundo a pasta, com o apoio de for\u00e7as federais, estaduais e municipais. \u201cAinda n\u00e3o h\u00e1 um balan\u00e7o geral das iniciativas dos tr\u00eas entes federados\u201d, informou o minist\u00e9rio, por meio de nota.<\/p>\n<p>Em diversas localidades h\u00e1 registros de falta medicamentos e insumos hospitalares. No Rio de Janeiro a Secretaria Estadual de Sa\u00fade suspendeu, a partir de hoje (28), as cirurgias eletivas (n\u00e3o emergenciais) em sua rede de hospitais.<\/p>\n<p>O mesmo procedimento foi adotado pela Secretaria de Sa\u00fade do Distrito Federal, que tamb\u00e9m suspendeu consultas ambulatoriais em hospitais e policl\u00ednicas. As unidades b\u00e1sicas de sa\u00fade permanecem fechadas hoje. Ser\u00e3o priorizados casos de urg\u00eancia e emerg\u00eancia e o transporte de pacientes para exames ser\u00e1 feito apenas em casos de extrema necessidade A remarca\u00e7\u00e3o, segundo a pasta, ser\u00e1 feita na primeira oportunidade.<\/p>\n<p>Em entrevista \u00e0\u00a0<strong>Ag\u00eancia Brasil<\/strong>, o vice-presidente da Federa\u00e7\u00e3o Brasileira de Hospitais, Eduardo de Oliveira, disse que o estado de S\u00e3o Paulo, em particular, enfrenta problemas relacionados ao deslocamento de funcion\u00e1rios \u2013 sobretudo os que trabalham na periferia, em unidades de pequeno e m\u00e9dio porte.<\/p>\n<p>Outro alerta da entidade diz respeito ao estoque de sangue nos hemocentros do estado. \u201cOs doadores est\u00e3o com dificuldade para chegar ao posto de coleta. E o estoque das unidades est\u00e1 come\u00e7ando a acabar. Se essa situa\u00e7\u00e3o n\u00e3o se normalizar, vamos ter problemas cada vez piores\u201d, avaliou.<\/p>\n<p><strong>Animais<\/strong><\/p>\n<p>De acordo com o ministro-chefe da Casa Civil, Eliseu Padilha, diante da situa\u00e7\u00e3o cr\u00edtica de falta de ra\u00e7\u00e3o para animais que, segundo a Associa\u00e7\u00e3o Brasileira de Prote\u00edna Animal (ABPA) poder\u00e1 levar a morte de pelo menos 1 bilh\u00e3o de aves e 20 milh\u00f5es de su\u00ednos, o Minist\u00e9rio da Agricultura, Pecu\u00e1ria e Abastecimento, juntamente com o Minist\u00e9rio da Sa\u00fade, est\u00e3o tratando de protocolos para atuar se necess\u00e1rio.<\/p>\n<p>&#8220;N\u00e3o se fala ainda e emerg\u00eancia, o assunto esta sob controle e na medida que tenhamos a retomada do transporte, a retomada do abastecimento, a retomada da ra\u00e7\u00e3o, das condi\u00e7\u00f5es de manuten\u00e7\u00e3o deles, sairemos desse risco da emerg\u00eancia&#8221;, diz o ministro.<\/p>\n","protected":false},"excerpt":{"rendered":"<p>Avi\u00f5es da For\u00e7a A\u00e9rea Brasileira (FAB) passar\u00e3o a ser usados para transportar medicamentos e insumos&#8230;<\/p>\n","protected":false},"author":1,"featured_media":0,"comment_status":"closed","ping_status":"closed","sticky":false,"template":"","format":"standard","meta":{"footnotes":""},"categories":[21],"tags":[],"class_list":["post-17864","post","type-post","status-publish","format-standard","hentry","category-saude"],"_links":{"self":[{"href":"https:\/\/www.corumbaonline.com.br\/news\/wp-json\/wp\/v2\/posts\/17864","targetHints":{"allow":["GET"]}}],"collection":[{"href":"https:\/\/www.corumbaonline.com.br\/news\/wp-json\/wp\/v2\/posts"}],"about":[{"href":"https:\/\/www.corumbaonline.com.br\/news\/wp-json\/wp\/v2\/types\/post"}],"author":[{"embeddable":true,"href":"https:\/\/www.corumbaonline.com.br\/news\/wp-json\/wp\/v2\/users\/1"}],"replies":[{"embeddable":true,"href":"https:\/\/www.corumbaonline.com.br\/news\/wp-json\/wp\/v2\/comments?post=17864"}],"version-history":[{"count":1,"href":"https:\/\/www.corumbaonline.com.br\/news\/wp-json\/wp\/v2\/posts\/17864\/revisions"}],"predecessor-version":[{"id":17865,"href":"https:\/\/www.corumbaonline.com.br\/news\/wp-json\/wp\/v2\/posts\/17864\/revisions\/17865"}],"wp:attachment":[{"href":"https:\/\/www.corumbaonline.com.br\/news\/wp-json\/wp\/v2\/media?parent=17864"}],"wp:term":[{"taxonomy":"category","embeddable":true,"href":"https:\/\/www.corumbaonline.com.br\/news\/wp-json\/wp\/v2\/categories?post=17864"},{"taxonomy":"post_tag","embeddable":true,"href":"https:\/\/www.corumbaonline.com.br\/news\/wp-json\/wp\/v2\/tags?post=17864"}],"curies":[{"name":"wp","href":"https:\/\/api.w.org\/{rel}","templated":true}]}}