{"id":17873,"date":"2018-05-28T16:22:04","date_gmt":"2018-05-28T20:22:04","guid":{"rendered":"http:\/\/www.corumbaonline.com.br\/news\/?p=17873"},"modified":"2018-05-28T16:18:53","modified_gmt":"2018-05-28T20:18:53","slug":"abcam-diz-que-entre-70-e-80-dos-caminhoneiros-ja-se-desmobilizaram","status":"publish","type":"post","link":"https:\/\/www.corumbaonline.com.br\/news\/abcam-diz-que-entre-70-e-80-dos-caminhoneiros-ja-se-desmobilizaram\/","title":{"rendered":"Abcam diz que entre 70% e 80% dos caminhoneiros j\u00e1 se desmobilizaram"},"content":{"rendered":"<p>O presidente da Associa\u00e7\u00e3o Brasileira doas Caminhoneiros (Abcam), Jos\u00e9 da Fonseca Lopes, disse que entre 70% e 80% dos caminhoneiros que participavam das manifesta\u00e7\u00f5es nas rodovias do pa\u00eds j\u00e1 \u201clevantaram acampamento\u201d nos pontos de obstru\u00e7\u00e3o. A expectativa \u00e9 de que a desmobiliza\u00e7\u00e3o seja concretizada at\u00e9 o final desta ter\u00e7a-feira (29). A entidade divulgar\u00e1, at\u00e9 o final da tarde de hoje (28), um balan\u00e7o preciso sobre a situa\u00e7\u00e3o atual da mobiliza\u00e7\u00e3o de caminhoneiros, que j\u00e1 dura oito dias.<\/p>\n<p>\u201cO n\u00edvel da ades\u00e3o [\u00e0 desmobiliza\u00e7\u00e3o] est\u00e1 aumentando gradativamente. Estou aguardando posi\u00e7\u00e3o do grupo que est\u00e1 fazendo o levantamento. Apesar de ainda n\u00e3o termos um n\u00famero exato [sobre o total de caminhoneiros que j\u00e1 se desmobilizaram], d\u00e1 para dizer que de 70% a 80 % j\u00e1 levantaram acampamento\u201d, disse Lopes \u00e0\u00a0<strong>Ag\u00eancia Brasil<\/strong>.<\/p>\n<div class=\"dnd-widget-wrapper context-grande_6colunas type-image\">\n<div class=\"dnd-atom-rendered\">\n<figure class=\"mejs-fotoh-wrapper\">\n<p><figure style=\"width: 463px\" class=\"wp-caption alignnone\"><img loading=\"lazy\" decoding=\"async\" class=\"img-responsive full full\" title=\"O presidente da Associa\u00e7\u00e3o Brasileira dos Caminhoneiros (Abcam), Jos\u00e9 da Fonseca Lopes, fala \u00e0 imprensa, no Pal\u00e1cio do Planalto. \/Valter Campanato\/Ag\u00eancia Brasil\" src=\"http:\/\/imagens.ebc.com.br\/W5UcmHODSyqgPq_gJbi4PdNKGZ8=\/463x0\/smart\/http:\/\/agenciabrasil.ebc.com.br\/sites\/default\/files\/thumbnails\/image\/vac_abr2405182819.jpg?itok=E4tk9RY4\" alt=\"O presidente da Associa\u00e7\u00e3o Brasileira dos Caminhoneiros (Abcam), Jos\u00e9 da Fonseca Lopes, fala \u00e0 imprensa, no Pal\u00e1cio do Planalto. \" width=\"463\" height=\"309\" \/><figcaption class=\"wp-caption-text\">O presidente da Associa\u00e7\u00e3o Brasileira dos Caminhoneiros (Abcam), Jos\u00e9 da Fonseca Lopes (Valter Campanato\/Ag\u00eancia Brasil)<\/figcaption><\/figure><\/figure>\n<\/div>\n<\/div>\n<h2>Uso pol\u00edtico<\/h2>\n<p>Lopes explica que as manifesta\u00e7\u00f5es que ainda ocorrem em alguns pontos de rodovias n\u00e3o est\u00e3o relacionadas \u00e0s reivindica\u00e7\u00f5es de caminhoneiros, mas h\u00e1\u00a0\u201cgente que quer derrubar o presidente Michel Temer\u201d. Lopes diz ter ouvido relatos de que parte do movimento dos caminhoneiros estaria sendo usado politicamente por defensores da interven\u00e7\u00e3o militar.<\/p>\n<p>\u201cNas conversas com a base, fiquei sabendo de pontos com envolvimento com intervencionistas, mas estamos trabalhando para evitar esse uso pol\u00edtico do nosso movimento. Faremos den\u00fancia publica sobre os pontos onde isso est\u00e1 ocorrendo. Se essas pessoas forem penalizadas por autoridades, com multas ou o que for, elas n\u00e3o ter\u00e3o a ajuda da Abcam\u201d, disse \u00e0\u00a0<strong>Ag\u00eancia Brasil<\/strong>\u00a0o representante dos caminhoneiros.<\/p>\n<p>Lopes acrescentou que os pontos acordados com o governo j\u00e1 est\u00e3o \u201cbem encaminhados\u201d, e que ser\u00e3o necess\u00e1rios alguns dias para que a situa\u00e7\u00e3o se normalize no pa\u00eds. Ele garante n\u00e3o haver, neste momento, rodovias trancadas, e que os combust\u00edveis j\u00e1 est\u00e3o na dire\u00e7\u00e3o dos postos.<\/p>\n<p>\u201cApenas em S\u00e3o Paulo h\u00e1 alguns focos [de manifesta\u00e7\u00e3o], mas agora a pol\u00edcia vai desobstruir tudo. Em Bras\u00edlia, por exemplo, 70% dos postos j\u00e1 est\u00e3o com combust\u00edvel normal\u201d, disse o presidente da Abcam. \u201cAgora que tivemos nossas reivindica\u00e7\u00f5es atendidas, o momento \u00e9 de desmobiliza\u00e7\u00e3o\u201d, completou.<\/p>\n<p>De acordo com o presidente do Sindicato dos Transportadores Aut\u00f4nomos de Cargas do Rio Grande do Sul (Sinditac\/RS), Carlos Dahmer, do ponto de vista classista, est\u00e1 tudo resolvido.<\/p>\n<p>O dirigente sindical tamb\u00e9m aponta problemas que v\u00eam sendo causados por \u201cposi\u00e7\u00f5es extremistas, de \u00e2mbito pol\u00edtico\u201d, que v\u00e3o desde a defesa de uma interven\u00e7\u00e3o militar at\u00e9 o movimento Lula Livre, que pede a soltura do ex-presidente, passando pelo Fora Temer. \u201cA gente respeita os que defendem essa bandeira, mas que eles montem o seu piquete fora do nosso movimento\u201d.<\/p>\n","protected":false},"excerpt":{"rendered":"<p>O presidente da Associa\u00e7\u00e3o Brasileira doas Caminhoneiros (Abcam), Jos\u00e9 da Fonseca Lopes, disse que entre&#8230;<\/p>\n","protected":false},"author":1,"featured_media":0,"comment_status":"closed","ping_status":"closed","sticky":false,"template":"","format":"standard","meta":{"footnotes":""},"categories":[19],"tags":[],"class_list":["post-17873","post","type-post","status-publish","format-standard","hentry","category-politica"],"_links":{"self":[{"href":"https:\/\/www.corumbaonline.com.br\/news\/wp-json\/wp\/v2\/posts\/17873","targetHints":{"allow":["GET"]}}],"collection":[{"href":"https:\/\/www.corumbaonline.com.br\/news\/wp-json\/wp\/v2\/posts"}],"about":[{"href":"https:\/\/www.corumbaonline.com.br\/news\/wp-json\/wp\/v2\/types\/post"}],"author":[{"embeddable":true,"href":"https:\/\/www.corumbaonline.com.br\/news\/wp-json\/wp\/v2\/users\/1"}],"replies":[{"embeddable":true,"href":"https:\/\/www.corumbaonline.com.br\/news\/wp-json\/wp\/v2\/comments?post=17873"}],"version-history":[{"count":1,"href":"https:\/\/www.corumbaonline.com.br\/news\/wp-json\/wp\/v2\/posts\/17873\/revisions"}],"predecessor-version":[{"id":17874,"href":"https:\/\/www.corumbaonline.com.br\/news\/wp-json\/wp\/v2\/posts\/17873\/revisions\/17874"}],"wp:attachment":[{"href":"https:\/\/www.corumbaonline.com.br\/news\/wp-json\/wp\/v2\/media?parent=17873"}],"wp:term":[{"taxonomy":"category","embeddable":true,"href":"https:\/\/www.corumbaonline.com.br\/news\/wp-json\/wp\/v2\/categories?post=17873"},{"taxonomy":"post_tag","embeddable":true,"href":"https:\/\/www.corumbaonline.com.br\/news\/wp-json\/wp\/v2\/tags?post=17873"}],"curies":[{"name":"wp","href":"https:\/\/api.w.org\/{rel}","templated":true}]}}